{"id":78,"date":"2017-11-29T14:04:24","date_gmt":"2017-11-29T14:04:24","guid":{"rendered":"http:\/\/luacrescente.pt\/blog\/?p=78"},"modified":"2021-03-15T11:39:09","modified_gmt":"2021-03-15T11:39:09","slug":"esta-a-pensar-colocar-o-seu-bebe-num-bercario-nos-olivais-78","status":"publish","type":"post","link":"https:\/\/www.luacrescente.pt\/blog\/esta-a-pensar-colocar-o-seu-bebe-num-bercario-nos-olivais-78\/","title":{"rendered":"Est\u00e1 a pensar colocar o seu beb\u00e9 num ber\u00e7\u00e1rio nos Olivais?"},"content":{"rendered":"<p style=\"text-align: justify;\"><span style=\"font-size: 10.5pt; line-height: 106%;\">A Lua Crescente desenvolveu um modelo pedag\u00f3gico que faz com este seja o melhor ber\u00e7\u00e1rio desta zona. <\/span><\/p>\n<p style=\"text-align: justify;\"><span style=\"font-size: 10.5pt; line-height: 106%;\">\u00c9 indiferente se se trata do primeiro, do segundo ou do quinto filho: quando a licen\u00e7a de maternidade termina e \u00e9 necess\u00e1rio deixar o beb\u00e9 aos cuidados de terceiros, o processo \u00e9 sens\u00edvel para a maioria dos pais. \u00c9 precisamente por isso que, caso esteja \u00e0 procura de um <\/span><span style=\"font-size: 10.5pt; line-height: 106%;\">ber\u00e7\u00e1rio nos Olivais, lhe deixamos aqui algumas dicas que o podem ajudar a fazer a melhor escolha. <\/span><\/p>\n<p style=\"text-align: justify;\"><span style=\"font-size: 10.5pt; line-height: 106%;\">De que forma \u00e9 que o local onde pode deixar todos os dias o seu beb\u00e9 pode ser uma grande fonte de tranquilidade e confian\u00e7a?<\/span><\/p>\n<p><img loading=\"lazy\" decoding=\"async\" class=\"wp-image-80 aligncenter\" src=\"https:\/\/luacrescente.pt\/blog\/wp-content\/uploads\/2017\/11\/Creche-nos-Olivais-300x200.jpg\" alt=\"\" width=\"600\" height=\"400\" srcset=\"https:\/\/www.luacrescente.pt\/blog\/wp-content\/uploads\/2017\/11\/Creche-nos-Olivais-300x200.jpg 300w, https:\/\/www.luacrescente.pt\/blog\/wp-content\/uploads\/2017\/11\/Creche-nos-Olivais-768x512.jpg 768w, https:\/\/www.luacrescente.pt\/blog\/wp-content\/uploads\/2017\/11\/Creche-nos-Olivais.jpg 1000w\" sizes=\"auto, (max-width: 600px) 100vw, 600px\" \/><\/p>\n<h2 style=\"text-align: justify;\" id=\"1-01-estimule-o-seu-bebe-de-pequenino-e-que-se-torce-o-pepino\"><b><span style=\"line-height: 106%;\">01. Estimule o seu beb\u00e9 &#8211; \u201cde pequenino \u00e9 que se torce o pepino\u201d<\/span><\/b><\/h2>\n<p style=\"text-align: justify;\"><span style=\"font-size: 10.5pt; line-height: 106%;\">\u00c9 normal que, quando existe a possibilidade de deixar o beb\u00e9 com os av\u00f3s ou com outras pessoas pr\u00f3ximas, os pais se sintam, normalmente, mais tranquilos, mas tamb\u00e9m \u00e9 verdade que a fam\u00edlia nem sempre tem disponibilidade ou conhecimentos de como estimular desde cedo o desenvolvimento do beb\u00e9 (algo que, num ber\u00e7\u00e1rio, \u00e9 perfeitamente assegurado).<\/span><\/p>\n<p style=\"text-align: justify;\"><span style=\"font-size: 10.5pt; line-height: 106%;\">Um beb\u00e9 de quatro ou cinco meses pode parecer demasiado pequeno para ser colocado num ber\u00e7\u00e1rio, mas a verdade \u00e9 que h\u00e1 especialistas que defendem que esta \u00e9 precisamente a melhor idade para que os beb\u00e9s comecem a desenvolver a socializa\u00e7\u00e3o e a perceber, com regras, o mundo que as rodeia.<\/span><\/p>\n<p style=\"text-align: justify;\"><span style=\"font-size: 10.5pt; line-height: 106%;\">Isto porque, logo a partir dos dois meses de vida o beb\u00e9 fica mais recetivo e necessita de est\u00edmulos espec\u00edficos, tanto a n\u00edvel visual, como t\u00e1til e motor, pelo que um <\/span><span style=\"font-size: 10.5pt; line-height: 106%;\">bom ber\u00e7\u00e1rio estar\u00e1 munido de profissionais, de t\u00e9cnicas e de ferramentas que ir\u00e3o garantir esses est\u00edmulos \u00e0 crian\u00e7a.<\/span><\/p>\n<p>&nbsp;<\/p>\n<h2 style=\"text-align: justify;\" id=\"2-02-saiba-como-e-que-se-encontra-o-melhor-bercario\"><b><span style=\"line-height: 106%;\">02. Saiba como \u00e9 que se encontra o <\/span><\/b><b><span style=\"line-height: 106%;\">melhor ber\u00e7\u00e1rio.<\/span><\/b><\/h2>\n<p style=\"text-align: justify;\"><span style=\"font-size: 10.5pt; line-height: 106%;\">O passa-a-palavra e as refer\u00eancias de outros pais s\u00e3o normalmente um bom \u2018term\u00f3metro\u2019 para analisar a qualidade e a efic\u00e1cia de um ber\u00e7\u00e1rio. Mas existem outros fatores importantes a ter em conta:<\/span><\/p>\n<ul>\n<li style=\"text-align: justify;\"><span style=\"font-size: 10.5pt; line-height: 106%;\">O espa\u00e7o: O ber\u00e7\u00e1rio tem espa\u00e7o e condi\u00e7\u00f5es realmente adaptados aos beb\u00e9s?<\/span><\/li>\n<li style=\"text-align: justify;\"><span style=\"font-size: 10.5pt; line-height: 106%;\">As condi\u00e7\u00f5es de seguran\u00e7a e de higiene: O ber\u00e7\u00e1rio est\u00e1 mesmo protegido e assegura o m\u00e1ximo cuidado aos beb\u00e9s, mesmo ao n\u00edvel da higiene, no tipo de produtos que s\u00e3o utilizados para as suas peles e necessidades mais sens\u00edveis?<\/span><\/li>\n<li style=\"text-align: justify;\"><span style=\"font-size: 10.5pt; line-height: 106%;\">A alimenta\u00e7\u00e3o: Como s\u00e3o confecionadas as refei\u00e7\u00f5es? Existe op\u00e7\u00e3o de alimenta\u00e7\u00e3o biol\u00f3gica?<\/span><\/li>\n<li style=\"text-align: justify;\"><span style=\"font-size: 10.5pt; line-height: 106%;\">Qual a disponibilidade e a experi\u00eancia dos educadores e da equipa pedag\u00f3gica?<br \/>\n<\/span><\/li>\n<\/ul>\n<p style=\"text-align: justify;\"><span style=\"font-size: 10.5pt; line-height: 106%;\">Todas estas quest\u00f5es podem ser facilmente confirmadas numa simples visita ao ber\u00e7\u00e1rio.<\/span><\/p>\n<p>&nbsp;<\/p>\n<h2 style=\"text-align: justify;\" id=\"3-03-quanto-tempo-e-que-o-bebe-deve-ficar-no-bercario\"><b><span style=\"line-height: 106%;\">03. Quanto tempo \u00e9 que o beb\u00e9 deve ficar no <\/span><\/b><b><span style=\"line-height: 106%;\">ber\u00e7\u00e1rio?<\/span><\/b><\/h2>\n<p style=\"text-align: justify;\"><span style=\"font-size: 10.5pt; line-height: 106%;\">Na verdade, a quest\u00e3o das horas \u00e9, na maioria dos casos, relativa e imposta \u2013 ser\u00e3o as que forem necess\u00e1rias, dadas as circunst\u00e2ncias profissionais e pessoais dos pais. O importante \u00e9 encontrar um ber\u00e7\u00e1rio que permita agilizar todas as rotinas da fam\u00edlia, tendo em conta os hor\u00e1rios de trabalho dos pais e o tempo em que necessitam de confiar o seu beb\u00e9 a terceiros.<\/span><\/p>\n<p style=\"text-align: justify;\"><span style=\"font-size: 10.5pt; line-height: 106%;\">\u00c9 precisamente pela enorme variedade de realidades que a Lua Crescente re\u00fane todas as condi\u00e7\u00f5es para dar resposta \u00e0s necessidades dos pais, visto que os hor\u00e1rios s\u00e3o sempre adaptados \u00e0quilo que a vida familiar tem como rotina.<\/span><\/p>\n<p style=\"text-align: justify;\"><span style=\"font-size: 10.5pt; line-height: 106%;\">Por isso, j\u00e1 sabe que, se vive ou trabalha nessa zona, a Lua Crescente pode ser a melhor op\u00e7\u00e3o de <\/span><span style=\"font-size: 10.5pt; line-height: 106%;\">ber\u00e7\u00e1rio nos Olivais \u2013 um espa\u00e7o totalmente pensado e desenhado para responder \u00e0s necessidades dos beb\u00e9s, onde uma equipa de profissionais garante todos os dias um cuidado e um carinho permanente, totalmente personalizado ao seu filho.<\/span><\/p>\n<p style=\"text-align: center;\"><span style=\"font-size: 12pt; font-family: Calibri, sans-serif;\"><a href=\"https:\/\/www.luacrescente.pt\/valencias\/bercario\" target=\"_blank\" rel=\"noopener noreferrer\"><span style=\"font-size: 14pt;\">Marque uma visita para conhecer o nosso Ber\u00e7\u00e1rio!\u00bb<\/span><\/a><\/span><\/p>\n","protected":false},"excerpt":{"rendered":"<p>A Lua Crescente desenvolveu um modelo pedag\u00f3gico que faz com este seja o melhor ber\u00e7\u00e1rio desta...","protected":false},"author":10,"featured_media":0,"comment_status":"open","ping_status":"open","sticky":false,"template":"","format":"standard","meta":{"_acf_changed":false,"_genesis_hide_title":false,"_genesis_hide_breadcrumbs":false,"_genesis_hide_singular_image":false,"_genesis_hide_footer_widgets":false,"_genesis_custom_body_class":"","_genesis_custom_post_class":"","_genesis_layout":"","footnotes":""},"categories":[3],"tags":[18,12,17,19,11,13,14,20,15,16],"class_list":{"0":"post-78","1":"post","2":"type-post","3":"status-publish","4":"format-standard","6":"category-bercario","7":"tag-actividades-dos-portos-de-recreio","8":"tag-actividades-tauromaquicas","9":"tag-animacao-turistica","10":"tag-fitness","11":"tag-organismos-reguladores","12":"tag-parques-de-diversao","13":"tag-parques-tematicos","14":"tag-psique","15":"tag-restauracao","16":"tag-restaurantes","17":"entry"},"acf":[],"yoast_head":"<!-- This site is optimized with the Yoast SEO plugin v26.2 - https:\/\/yoast.com\/wordpress\/plugins\/seo\/ -->\n<title>Est\u00e1 a pensar colocar o seu beb\u00e9 num ber\u00e7\u00e1rio nos Olivais?<\/title>\n<meta name=\"description\" content=\"O seu beb\u00e9 tem 6 meses? Visite o ber\u00e7\u00e1rio Lua Crescente, um ber\u00e7\u00e1rio na zona dos Olivais reconhecido e com altos padr\u00f5es de qualidade.\" \/>\n<meta name=\"robots\" content=\"index, follow, max-snippet:-1, max-image-preview:large, max-video-preview:-1\" \/>\n<link rel=\"canonical\" href=\"https:\/\/www.luacrescente.pt\/blog\/esta-a-pensar-colocar-o-seu-bebe-num-bercario-nos-olivais-78\/\" \/>\n<meta property=\"og:locale\" content=\"pt_PT\" \/>\n<meta property=\"og:type\" content=\"article\" \/>\n<meta property=\"og:title\" content=\"Est\u00e1 a pensar colocar o seu beb\u00e9 num ber\u00e7\u00e1rio nos Olivais?\" \/>\n<meta property=\"og:description\" content=\"O seu beb\u00e9 tem 6 meses? Visite o ber\u00e7\u00e1rio Lua Crescente, um ber\u00e7\u00e1rio na zona dos Olivais reconhecido e com altos padr\u00f5es de qualidade.\" \/>\n<meta property=\"og:url\" content=\"https:\/\/www.luacrescente.pt\/blog\/esta-a-pensar-colocar-o-seu-bebe-num-bercario-nos-olivais-78\/\" \/>\n<meta property=\"og:site_name\" content=\"Blog da Lua Crescente \u2014 Educa\u00e7\u00e3o, Autonomia e Fam\u00edlia\" \/>\n<meta property=\"article:published_time\" content=\"2017-11-29T14:04:24+00:00\" \/>\n<meta property=\"article:modified_time\" content=\"2021-03-15T11:39:09+00:00\" \/>\n<meta property=\"og:image\" content=\"https:\/\/luacrescente.pt\/blog\/wp-content\/uploads\/2017\/11\/Creche-nos-Olivais-300x200.jpg\" \/>\n<meta name=\"author\" content=\"Lua Crescente\" \/>\n<meta name=\"twitter:card\" content=\"summary_large_image\" \/>\n<meta name=\"twitter:label1\" content=\"Escrito por\" \/>\n\t<meta name=\"twitter:data1\" content=\"Lua Crescente\" \/>\n\t<meta name=\"twitter:label2\" content=\"Tempo estimado de leitura\" \/>\n\t<meta name=\"twitter:data2\" content=\"3 minutos\" \/>\n<script type=\"application\/ld+json\" class=\"yoast-schema-graph\">{\"@context\":\"https:\/\/schema.org\",\"@graph\":[{\"@type\":\"Article\",\"@id\":\"https:\/\/www.luacrescente.pt\/blog\/esta-a-pensar-colocar-o-seu-bebe-num-bercario-nos-olivais-78\/#article\",\"isPartOf\":{\"@id\":\"https:\/\/www.luacrescente.pt\/blog\/esta-a-pensar-colocar-o-seu-bebe-num-bercario-nos-olivais-78\/\"},\"author\":{\"name\":\"Lua Crescente\",\"@id\":\"https:\/\/www.luacrescente.pt\/blog\/#\/schema\/person\/a559b778fe5a2a2688f347ee5869eaa5\"},\"headline\":\"Est\u00e1 a pensar colocar o seu beb\u00e9 num ber\u00e7\u00e1rio nos Olivais?\",\"datePublished\":\"2017-11-29T14:04:24+00:00\",\"dateModified\":\"2021-03-15T11:39:09+00:00\",\"mainEntityOfPage\":{\"@id\":\"https:\/\/www.luacrescente.pt\/blog\/esta-a-pensar-colocar-o-seu-bebe-num-bercario-nos-olivais-78\/\"},\"wordCount\":643,\"commentCount\":1,\"publisher\":{\"@id\":\"https:\/\/www.luacrescente.pt\/blog\/#organization\"},\"image\":{\"@id\":\"https:\/\/www.luacrescente.pt\/blog\/esta-a-pensar-colocar-o-seu-bebe-num-bercario-nos-olivais-78\/#primaryimage\"},\"thumbnailUrl\":\"https:\/\/luacrescente.pt\/blog\/wp-content\/uploads\/2017\/11\/Creche-nos-Olivais-300x200.jpg\",\"keywords\":[\"actividades dos portos de recreio\",\"actividades taurom\u00e1quicas\",\"anima\u00e7\u00e3o tur\u00edstica\",\"fitness\",\"organismos reguladores\",\"parques de divers\u00e3o\",\"parques tem\u00e1ticos\",\"psique\",\"restaura\u00e7\u00e3o\",\"restaurantes\"],\"articleSection\":[\"Ber\u00e7\u00e1rio\"],\"inLanguage\":\"pt-PT\",\"potentialAction\":[{\"@type\":\"CommentAction\",\"name\":\"Comment\",\"target\":[\"https:\/\/www.luacrescente.pt\/blog\/esta-a-pensar-colocar-o-seu-bebe-num-bercario-nos-olivais-78\/#respond\"]}]},{\"@type\":\"WebPage\",\"@id\":\"https:\/\/www.luacrescente.pt\/blog\/esta-a-pensar-colocar-o-seu-bebe-num-bercario-nos-olivais-78\/\",\"url\":\"https:\/\/www.luacrescente.pt\/blog\/esta-a-pensar-colocar-o-seu-bebe-num-bercario-nos-olivais-78\/\",\"name\":\"Est\u00e1 a pensar colocar o seu beb\u00e9 num ber\u00e7\u00e1rio nos Olivais?\",\"isPartOf\":{\"@id\":\"https:\/\/www.luacrescente.pt\/blog\/#website\"},\"primaryImageOfPage\":{\"@id\":\"https:\/\/www.luacrescente.pt\/blog\/esta-a-pensar-colocar-o-seu-bebe-num-bercario-nos-olivais-78\/#primaryimage\"},\"image\":{\"@id\":\"https:\/\/www.luacrescente.pt\/blog\/esta-a-pensar-colocar-o-seu-bebe-num-bercario-nos-olivais-78\/#primaryimage\"},\"thumbnailUrl\":\"https:\/\/luacrescente.pt\/blog\/wp-content\/uploads\/2017\/11\/Creche-nos-Olivais-300x200.jpg\",\"datePublished\":\"2017-11-29T14:04:24+00:00\",\"dateModified\":\"2021-03-15T11:39:09+00:00\",\"description\":\"O seu beb\u00e9 tem 6 meses? Visite o ber\u00e7\u00e1rio Lua Crescente, um ber\u00e7\u00e1rio na zona dos Olivais reconhecido e com altos padr\u00f5es de qualidade.\",\"breadcrumb\":{\"@id\":\"https:\/\/www.luacrescente.pt\/blog\/esta-a-pensar-colocar-o-seu-bebe-num-bercario-nos-olivais-78\/#breadcrumb\"},\"inLanguage\":\"pt-PT\",\"potentialAction\":[{\"@type\":\"ReadAction\",\"target\":[\"https:\/\/www.luacrescente.pt\/blog\/esta-a-pensar-colocar-o-seu-bebe-num-bercario-nos-olivais-78\/\"]}]},{\"@type\":\"ImageObject\",\"inLanguage\":\"pt-PT\",\"@id\":\"https:\/\/www.luacrescente.pt\/blog\/esta-a-pensar-colocar-o-seu-bebe-num-bercario-nos-olivais-78\/#primaryimage\",\"url\":\"https:\/\/luacrescente.pt\/blog\/wp-content\/uploads\/2017\/11\/Creche-nos-Olivais-300x200.jpg\",\"contentUrl\":\"https:\/\/luacrescente.pt\/blog\/wp-content\/uploads\/2017\/11\/Creche-nos-Olivais-300x200.jpg\"},{\"@type\":\"BreadcrumbList\",\"@id\":\"https:\/\/www.luacrescente.pt\/blog\/esta-a-pensar-colocar-o-seu-bebe-num-bercario-nos-olivais-78\/#breadcrumb\",\"itemListElement\":[{\"@type\":\"ListItem\",\"position\":1,\"name\":\"In\u00edcio\",\"item\":\"https:\/\/www.luacrescente.pt\/blog\/\"},{\"@type\":\"ListItem\",\"position\":2,\"name\":\"Est\u00e1 a pensar colocar o seu beb\u00e9 num ber\u00e7\u00e1rio nos Olivais?\"}]},{\"@type\":\"WebSite\",\"@id\":\"https:\/\/www.luacrescente.pt\/blog\/#website\",\"url\":\"https:\/\/www.luacrescente.pt\/blog\/\",\"name\":\"Blog da Lua Crescente \u2014 Educa\u00e7\u00e3o, Autonomia e Fam\u00edlia\",\"description\":\"Descubra conte\u00fados para creche, pr\u00e9-escolar e 1.\u00ba ciclo: rotinas, leitura e alimenta\u00e7\u00e3o. Mantenha-se a par das novidades da Lua Crescente.\",\"publisher\":{\"@id\":\"https:\/\/www.luacrescente.pt\/blog\/#organization\"},\"potentialAction\":[{\"@type\":\"SearchAction\",\"target\":{\"@type\":\"EntryPoint\",\"urlTemplate\":\"https:\/\/www.luacrescente.pt\/blog\/?s={search_term_string}\"},\"query-input\":{\"@type\":\"PropertyValueSpecification\",\"valueRequired\":true,\"valueName\":\"search_term_string\"}}],\"inLanguage\":\"pt-PT\"},{\"@type\":\"Organization\",\"@id\":\"https:\/\/www.luacrescente.pt\/blog\/#organization\",\"name\":\"Blog da Lua Crescente \u2014 Educa\u00e7\u00e3o, Autonomia e Fam\u00edlia\",\"url\":\"https:\/\/www.luacrescente.pt\/blog\/\",\"logo\":{\"@type\":\"ImageObject\",\"inLanguage\":\"pt-PT\",\"@id\":\"https:\/\/www.luacrescente.pt\/blog\/#\/schema\/logo\/image\/\",\"url\":\"https:\/\/www.luacrescente.pt\/blog\/wp-content\/uploads\/2020\/07\/logo-lua-crescente.png\",\"contentUrl\":\"https:\/\/www.luacrescente.pt\/blog\/wp-content\/uploads\/2020\/07\/logo-lua-crescente.png\",\"width\":260,\"height\":65,\"caption\":\"Blog da Lua Crescente \u2014 Educa\u00e7\u00e3o, Autonomia e Fam\u00edlia\"},\"image\":{\"@id\":\"https:\/\/www.luacrescente.pt\/blog\/#\/schema\/logo\/image\/\"}},{\"@type\":\"Person\",\"@id\":\"https:\/\/www.luacrescente.pt\/blog\/#\/schema\/person\/a559b778fe5a2a2688f347ee5869eaa5\",\"name\":\"Lua Crescente\",\"image\":{\"@type\":\"ImageObject\",\"inLanguage\":\"pt-PT\",\"@id\":\"https:\/\/www.luacrescente.pt\/blog\/#\/schema\/person\/image\/\",\"url\":\"https:\/\/secure.gravatar.com\/avatar\/dc27765652fc4820154e48b165585fcfca1f23677e140d7f4209c7963c980850?s=96&d=mm&r=g\",\"contentUrl\":\"https:\/\/secure.gravatar.com\/avatar\/dc27765652fc4820154e48b165585fcfca1f23677e140d7f4209c7963c980850?s=96&d=mm&r=g\",\"caption\":\"Lua Crescente\"},\"url\":\"https:\/\/www.luacrescente.pt\/blog\/author\/lua-crescente\/\"}]}<\/script>\n<!-- \/ Yoast SEO plugin. -->","yoast_head_json":{"title":"Est\u00e1 a pensar colocar o seu beb\u00e9 num ber\u00e7\u00e1rio nos Olivais?","description":"O seu beb\u00e9 tem 6 meses? Visite o ber\u00e7\u00e1rio Lua Crescente, um ber\u00e7\u00e1rio na zona dos Olivais reconhecido e com altos padr\u00f5es de qualidade.","robots":{"index":"index","follow":"follow","max-snippet":"max-snippet:-1","max-image-preview":"max-image-preview:large","max-video-preview":"max-video-preview:-1"},"canonical":"https:\/\/www.luacrescente.pt\/blog\/esta-a-pensar-colocar-o-seu-bebe-num-bercario-nos-olivais-78\/","og_locale":"pt_PT","og_type":"article","og_title":"Est\u00e1 a pensar colocar o seu beb\u00e9 num ber\u00e7\u00e1rio nos Olivais?","og_description":"O seu beb\u00e9 tem 6 meses? Visite o ber\u00e7\u00e1rio Lua Crescente, um ber\u00e7\u00e1rio na zona dos Olivais reconhecido e com altos padr\u00f5es de qualidade.","og_url":"https:\/\/www.luacrescente.pt\/blog\/esta-a-pensar-colocar-o-seu-bebe-num-bercario-nos-olivais-78\/","og_site_name":"Blog da Lua Crescente \u2014 Educa\u00e7\u00e3o, Autonomia e Fam\u00edlia","article_published_time":"2017-11-29T14:04:24+00:00","article_modified_time":"2021-03-15T11:39:09+00:00","og_image":[{"url":"https:\/\/luacrescente.pt\/blog\/wp-content\/uploads\/2017\/11\/Creche-nos-Olivais-300x200.jpg","type":"","width":"","height":""}],"author":"Lua Crescente","twitter_card":"summary_large_image","twitter_misc":{"Escrito por":"Lua Crescente","Tempo estimado de leitura":"3 minutos"},"schema":{"@context":"https:\/\/schema.org","@graph":[{"@type":"Article","@id":"https:\/\/www.luacrescente.pt\/blog\/esta-a-pensar-colocar-o-seu-bebe-num-bercario-nos-olivais-78\/#article","isPartOf":{"@id":"https:\/\/www.luacrescente.pt\/blog\/esta-a-pensar-colocar-o-seu-bebe-num-bercario-nos-olivais-78\/"},"author":{"name":"Lua Crescente","@id":"https:\/\/www.luacrescente.pt\/blog\/#\/schema\/person\/a559b778fe5a2a2688f347ee5869eaa5"},"headline":"Est\u00e1 a pensar colocar o seu beb\u00e9 num ber\u00e7\u00e1rio nos Olivais?","datePublished":"2017-11-29T14:04:24+00:00","dateModified":"2021-03-15T11:39:09+00:00","mainEntityOfPage":{"@id":"https:\/\/www.luacrescente.pt\/blog\/esta-a-pensar-colocar-o-seu-bebe-num-bercario-nos-olivais-78\/"},"wordCount":643,"commentCount":1,"publisher":{"@id":"https:\/\/www.luacrescente.pt\/blog\/#organization"},"image":{"@id":"https:\/\/www.luacrescente.pt\/blog\/esta-a-pensar-colocar-o-seu-bebe-num-bercario-nos-olivais-78\/#primaryimage"},"thumbnailUrl":"https:\/\/luacrescente.pt\/blog\/wp-content\/uploads\/2017\/11\/Creche-nos-Olivais-300x200.jpg","keywords":["actividades dos portos de recreio","actividades taurom\u00e1quicas","anima\u00e7\u00e3o tur\u00edstica","fitness","organismos reguladores","parques de divers\u00e3o","parques tem\u00e1ticos","psique","restaura\u00e7\u00e3o","restaurantes"],"articleSection":["Ber\u00e7\u00e1rio"],"inLanguage":"pt-PT","potentialAction":[{"@type":"CommentAction","name":"Comment","target":["https:\/\/www.luacrescente.pt\/blog\/esta-a-pensar-colocar-o-seu-bebe-num-bercario-nos-olivais-78\/#respond"]}]},{"@type":"WebPage","@id":"https:\/\/www.luacrescente.pt\/blog\/esta-a-pensar-colocar-o-seu-bebe-num-bercario-nos-olivais-78\/","url":"https:\/\/www.luacrescente.pt\/blog\/esta-a-pensar-colocar-o-seu-bebe-num-bercario-nos-olivais-78\/","name":"Est\u00e1 a pensar colocar o seu beb\u00e9 num ber\u00e7\u00e1rio nos Olivais?","isPartOf":{"@id":"https:\/\/www.luacrescente.pt\/blog\/#website"},"primaryImageOfPage":{"@id":"https:\/\/www.luacrescente.pt\/blog\/esta-a-pensar-colocar-o-seu-bebe-num-bercario-nos-olivais-78\/#primaryimage"},"image":{"@id":"https:\/\/www.luacrescente.pt\/blog\/esta-a-pensar-colocar-o-seu-bebe-num-bercario-nos-olivais-78\/#primaryimage"},"thumbnailUrl":"https:\/\/luacrescente.pt\/blog\/wp-content\/uploads\/2017\/11\/Creche-nos-Olivais-300x200.jpg","datePublished":"2017-11-29T14:04:24+00:00","dateModified":"2021-03-15T11:39:09+00:00","description":"O seu beb\u00e9 tem 6 meses? Visite o ber\u00e7\u00e1rio Lua Crescente, um ber\u00e7\u00e1rio na zona dos Olivais reconhecido e com altos padr\u00f5es de qualidade.","breadcrumb":{"@id":"https:\/\/www.luacrescente.pt\/blog\/esta-a-pensar-colocar-o-seu-bebe-num-bercario-nos-olivais-78\/#breadcrumb"},"inLanguage":"pt-PT","potentialAction":[{"@type":"ReadAction","target":["https:\/\/www.luacrescente.pt\/blog\/esta-a-pensar-colocar-o-seu-bebe-num-bercario-nos-olivais-78\/"]}]},{"@type":"ImageObject","inLanguage":"pt-PT","@id":"https:\/\/www.luacrescente.pt\/blog\/esta-a-pensar-colocar-o-seu-bebe-num-bercario-nos-olivais-78\/#primaryimage","url":"https:\/\/luacrescente.pt\/blog\/wp-content\/uploads\/2017\/11\/Creche-nos-Olivais-300x200.jpg","contentUrl":"https:\/\/luacrescente.pt\/blog\/wp-content\/uploads\/2017\/11\/Creche-nos-Olivais-300x200.jpg"},{"@type":"BreadcrumbList","@id":"https:\/\/www.luacrescente.pt\/blog\/esta-a-pensar-colocar-o-seu-bebe-num-bercario-nos-olivais-78\/#breadcrumb","itemListElement":[{"@type":"ListItem","position":1,"name":"In\u00edcio","item":"https:\/\/www.luacrescente.pt\/blog\/"},{"@type":"ListItem","position":2,"name":"Est\u00e1 a pensar colocar o seu beb\u00e9 num ber\u00e7\u00e1rio nos Olivais?"}]},{"@type":"WebSite","@id":"https:\/\/www.luacrescente.pt\/blog\/#website","url":"https:\/\/www.luacrescente.pt\/blog\/","name":"Blog da Lua Crescente \u2014 Educa\u00e7\u00e3o, Autonomia e Fam\u00edlia","description":"Descubra conte\u00fados para creche, pr\u00e9-escolar e 1.\u00ba ciclo: rotinas, leitura e alimenta\u00e7\u00e3o. Mantenha-se a par das novidades da Lua Crescente.","publisher":{"@id":"https:\/\/www.luacrescente.pt\/blog\/#organization"},"potentialAction":[{"@type":"SearchAction","target":{"@type":"EntryPoint","urlTemplate":"https:\/\/www.luacrescente.pt\/blog\/?s={search_term_string}"},"query-input":{"@type":"PropertyValueSpecification","valueRequired":true,"valueName":"search_term_string"}}],"inLanguage":"pt-PT"},{"@type":"Organization","@id":"https:\/\/www.luacrescente.pt\/blog\/#organization","name":"Blog da Lua Crescente \u2014 Educa\u00e7\u00e3o, Autonomia e Fam\u00edlia","url":"https:\/\/www.luacrescente.pt\/blog\/","logo":{"@type":"ImageObject","inLanguage":"pt-PT","@id":"https:\/\/www.luacrescente.pt\/blog\/#\/schema\/logo\/image\/","url":"https:\/\/www.luacrescente.pt\/blog\/wp-content\/uploads\/2020\/07\/logo-lua-crescente.png","contentUrl":"https:\/\/www.luacrescente.pt\/blog\/wp-content\/uploads\/2020\/07\/logo-lua-crescente.png","width":260,"height":65,"caption":"Blog da Lua Crescente \u2014 Educa\u00e7\u00e3o, Autonomia e Fam\u00edlia"},"image":{"@id":"https:\/\/www.luacrescente.pt\/blog\/#\/schema\/logo\/image\/"}},{"@type":"Person","@id":"https:\/\/www.luacrescente.pt\/blog\/#\/schema\/person\/a559b778fe5a2a2688f347ee5869eaa5","name":"Lua Crescente","image":{"@type":"ImageObject","inLanguage":"pt-PT","@id":"https:\/\/www.luacrescente.pt\/blog\/#\/schema\/person\/image\/","url":"https:\/\/secure.gravatar.com\/avatar\/dc27765652fc4820154e48b165585fcfca1f23677e140d7f4209c7963c980850?s=96&d=mm&r=g","contentUrl":"https:\/\/secure.gravatar.com\/avatar\/dc27765652fc4820154e48b165585fcfca1f23677e140d7f4209c7963c980850?s=96&d=mm&r=g","caption":"Lua Crescente"},"url":"https:\/\/www.luacrescente.pt\/blog\/author\/lua-crescente\/"}]}},"_links":{"self":[{"href":"https:\/\/www.luacrescente.pt\/blog\/wp-json\/wp\/v2\/posts\/78","targetHints":{"allow":["GET"]}}],"collection":[{"href":"https:\/\/www.luacrescente.pt\/blog\/wp-json\/wp\/v2\/posts"}],"about":[{"href":"https:\/\/www.luacrescente.pt\/blog\/wp-json\/wp\/v2\/types\/post"}],"author":[{"embeddable":true,"href":"https:\/\/www.luacrescente.pt\/blog\/wp-json\/wp\/v2\/users\/10"}],"replies":[{"embeddable":true,"href":"https:\/\/www.luacrescente.pt\/blog\/wp-json\/wp\/v2\/comments?post=78"}],"version-history":[{"count":5,"href":"https:\/\/www.luacrescente.pt\/blog\/wp-json\/wp\/v2\/posts\/78\/revisions"}],"predecessor-version":[{"id":450,"href":"https:\/\/www.luacrescente.pt\/blog\/wp-json\/wp\/v2\/posts\/78\/revisions\/450"}],"wp:attachment":[{"href":"https:\/\/www.luacrescente.pt\/blog\/wp-json\/wp\/v2\/media?parent=78"}],"wp:term":[{"taxonomy":"category","embeddable":true,"href":"https:\/\/www.luacrescente.pt\/blog\/wp-json\/wp\/v2\/categories?post=78"},{"taxonomy":"post_tag","embeddable":true,"href":"https:\/\/www.luacrescente.pt\/blog\/wp-json\/wp\/v2\/tags?post=78"}],"curies":[{"name":"wp","href":"https:\/\/api.w.org\/{rel}","templated":true}]}}