{"id":333,"date":"2020-08-10T10:00:53","date_gmt":"2020-08-10T10:00:53","guid":{"rendered":"https:\/\/www.luacrescente.pt\/blog\/?p=333"},"modified":"2021-03-14T22:06:08","modified_gmt":"2021-03-14T22:06:08","slug":"as-criancas-devem-ir-para-os-avos-ou-para-a-creche","status":"publish","type":"post","link":"https:\/\/www.luacrescente.pt\/blog\/as-criancas-devem-ir-para-os-avos-ou-para-a-creche\/","title":{"rendered":"As crian\u00e7as devem ir para os Av\u00f3s ou para a Creche?"},"content":{"rendered":"\n<p>Uma das maiores fontes de stress para os pais surge na altura de escolher um local onde deixar as crian\u00e7as durante o dia, principalmente se n\u00e3o houver possibilidade de ficar em casa com elas.<\/p>\n\n\n\n<p>Geralmente, as op\u00e7\u00f5es passam por deix\u00e1-las na escola ou com os av\u00f3s.<\/p>\n\n\n\n<blockquote class=\"wp-block-quote is-layout-flow wp-block-quote-is-layout-flow\"><p>Ainda assim, para ambas as situa\u00e7\u00f5es, existem muitas ideias preconcebidas e opini\u00f5es divergentes, pelo que n\u00e3o \u00e9 de admirar que os pais se sintam confusos quanto \u00e0 melhor op\u00e7\u00e3o.<\/p><\/blockquote>\n\n\n\n<p>Ser\u00e1 que na escola o seu desenvolvimento ser\u00e1 mais estimulado? Ou, pelo contr\u00e1rio, com os av\u00f3s conseguem crescer na mesma medida?<\/p>\n\n\n\n<p>Hoje vamos desmistificar este tema para que se sinta confiante na hora de escolher, independentemente da decis\u00e3o.<\/p>\n\n\n\n<figure class=\"wp-block-image\"><img loading=\"lazy\" decoding=\"async\" width=\"700\" height=\"455\" src=\"https:\/\/www.luacrescente.pt\/blog\/wp-content\/uploads\/2020\/11\/as-criancas-devem-ir-para-os-avos-ou-para-a-creche.jpg\" alt=\"\" class=\"wp-image-335\" srcset=\"https:\/\/www.luacrescente.pt\/blog\/wp-content\/uploads\/2020\/11\/as-criancas-devem-ir-para-os-avos-ou-para-a-creche.jpg 700w, https:\/\/www.luacrescente.pt\/blog\/wp-content\/uploads\/2020\/11\/as-criancas-devem-ir-para-os-avos-ou-para-a-creche-300x195.jpg 300w\" sizes=\"auto, (max-width: 700px) 100vw, 700px\" \/><\/figure>\n\n\n\n<h2 class=\"wp-block-heading\" id=\"1-a-tendencia-em-portugal\"><strong>A tend\u00eancia em Portugal<\/strong><\/h2>\n\n\n\n<p>De acordo com um estudo levado a cabo pela Funda\u00e7\u00e3o Calouste Gulbenkian, <a rel=\"noreferrer noopener\" aria-label=\" (abre num novo separador)\" href=\"https:\/\/content.gulbenkian.pt\/wp-content\/uploads\/2017\/08\/29202151\/a-prestacao-de-cuidados-pelos-avos-na-europa.pdf\" target=\"_blank\">o nosso pa\u00eds tem a percentagem mais elevada de m\u00e3es que trabalham a tempo inteiro<\/a>, comparativamente com os outros 11 pa\u00edses estudados, da\u00ed a necessidade de encontrarem solu\u00e7\u00f5es para deixarem os filhos.<\/p>\n\n\n\n<blockquote class=\"wp-block-quote is-layout-flow wp-block-quote-is-layout-flow\"><p>Al\u00e9m disso, o mesmo estudo indica que, <strong>em Portugal, a percentagem relativa \u00e0 presta\u00e7\u00e3o de cuidados por parte dos av\u00f3s \u00e9 elevada, dado que os apoios e recursos \u00e0s estruturas formais de acolhimento s\u00e3o limitados.<\/strong><\/p><\/blockquote>\n\n\n\n<p>Ainda assim, a mesma tend\u00eancia repete-se um pouco por toda a Europa, sendo <strong>as av\u00f3s em particular as principais cuidadoras<\/strong> nestes casos, geralmente as que se encontram entre os 50 e os 69 anos e que n\u00e3o exercem empregos remunerados.<\/p>\n\n\n\n<h2 class=\"wp-block-heading\" id=\"2-desenvolvimento-das-criancas-na-escola\"><strong>Desenvolvimento das crian\u00e7as na Escola<\/strong><\/h2>\n\n\n\n<p>De forma geral, e de acordo com a psic\u00f3loga In\u00eas Chiote Rodrigues, <strong>os pais que optam por colocar as crian\u00e7as na escola desde cedo tomam essa decis\u00e3o por acreditarem que est\u00e3o a \u201cpromover o seu desenvolvimento\u201d.<\/strong><\/p>\n\n\n\n<p>E ser\u00e1 importante?<\/p>\n\n\n\n<p>De facto, a escola pode trazer muitos benef\u00edcios, nomeadamente:<\/p>\n\n\n\n<ul class=\"wp-block-list\"><li>Potencia a socializa\u00e7\u00e3o;<\/li><li>Fomenta valores como a partilha e respeito pelos pares;<\/li><li>Serve como prepara\u00e7\u00e3o para a vida escolar;<\/li><li>Incentiva ao respeito pelas regras e rotinas.<\/li><\/ul>\n\n\n\n<p>Al\u00e9m do mais, <strong>quando est\u00e3o na escola encontram-se acompanhadas por profissionais experientes, que conhecem os melhores m\u00e9todos para que se desenvolvam a n\u00edvel social, cognitivo e emocional.<\/strong><\/p>\n\n\n\n<blockquote class=\"wp-block-quote is-layout-flow wp-block-quote-is-layout-flow\"><p>No entanto, uma das preocupa\u00e7\u00f5es dos pais, que pode fazer com que se adie a entrada dos filhos na escola, prende-se com a frequ\u00eancia com que ficam doentes em ambiente escolar. Ainda assim, <a rel=\"noreferrer noopener\" aria-label=\" (abre num novo separador)\" href=\"https:\/\/www.luacrescente.pt\/blog\/o-meu-bebe-esta-sempre-doente-desde-que-entrou-na-escola-como-resolver\/\" target=\"_blank\">o contacto com algumas doen\u00e7as e infe\u00e7\u00f5es pode ser ben\u00e9fico para estimular o seu sistema imunit\u00e1rio.<\/a><\/p><\/blockquote>\n\n\n\n<p>Contudo, de acordo com a educadora Gabriela Silva, <strong>tudo depende do <\/strong><strong><em>timing<\/em><\/strong><strong> da crian\u00e7a, pelo que estar na escola n\u00e3o significa obrigatoriamente que o seu desenvolvimento seja maior.<\/strong><\/p>\n\n\n\n<h3 class=\"wp-block-heading\"><strong>Qual a idade ideal?<\/strong><\/h3>\n\n\n\n<p>Mesmo que varie de crian\u00e7a para crian\u00e7a, o pediatra Jos\u00e9 Apar\u00edcio defende que, no primeiro ano de vida, a crian\u00e7a n\u00e3o interage intencionalmente com os seus pares, pelo que a socializa\u00e7\u00e3o n\u00e3o ser\u00e1 a raz\u00e3o mais v\u00e1lida.&nbsp;<\/p>\n\n\n\n<blockquote class=\"wp-block-quote is-layout-flow wp-block-quote-is-layout-flow\"><p>No entanto, ter\u00e3o, \u00e0 partida, rotinas mais estruturadas desde cedo, o que far\u00e1 que a crian\u00e7a se estruture no que \u00e0 seguran\u00e7a emocional diz respeito.<\/p><\/blockquote>\n\n\n\n<p>Portanto, n\u00e3o haver\u00e1 uma idade ideal para entrada na creche e em todas as etapas haver\u00e1 pr\u00f3s e contras. Os pais devem medir todas as condi\u00e7\u00f5es e possibilidades da sua pr\u00f3pria fam\u00edlia e tomar a decis\u00e3o sem se sentirem culpados, independentemente da sua escolha.<br><\/p>\n\n\n\n<h2 class=\"wp-block-heading\" id=\"3-e-se-ficarem-com-os-avos\"><strong>E se ficarem com os av\u00f3s?<\/strong><\/h2>\n\n\n\n<p>Existem muitas raz\u00f5es para que os pais optem por deixar os filhos com os av\u00f3s, sendo que algumas prendem-se com <strong>raz\u00f5es monet\u00e1rias, de incompatibilidade de hor\u00e1rios ou at\u00e9 de seguran\u00e7a.<\/strong><\/p>\n\n\n\n<p>Al\u00e9m do mais, numa altura de ansiedade como a de deixar os filhos pela primeira vez, confi\u00e1-los a algu\u00e9m com quem existe uma rela\u00e7\u00e3o afetiva pode contribuir para aumentar a confian\u00e7a.<\/p>\n\n\n\n<p>Ainda assim, ser\u00e1 que o desenvolvimento n\u00e3o \u00e9 comprometido?<\/p>\n\n\n\n<blockquote class=\"wp-block-quote is-layout-flow wp-block-quote-is-layout-flow\"><p>De acordo com In\u00eas Chiote Rodrigues, tudo depende da forma como a crian\u00e7a \u00e9 estimulada em casa dos av\u00f3s \u2013 <strong>se \u201chouver intera\u00e7\u00e3o suficiente, sa\u00eddas at\u00e9 aos parques infantis, intera\u00e7\u00e3o com outras crian\u00e7as e estabelecimento e firmeza de regras e rotinas\u201d, o desenvolvimento ser\u00e1 igualmente saud\u00e1vel.<\/strong><\/p><\/blockquote>\n\n\n\n<p>Mais: existe at\u00e9 uma oportunidade para observar, escutar e conhecer melhor as crian\u00e7as, pois a aten\u00e7\u00e3o n\u00e3o \u00e9 dividida, como na escola.<\/p>\n\n\n\n<p>Assim sendo, <strong>existem av\u00f3s que se tornam verdadeiros educadores<\/strong>, pelo que, nesse caso, poder\u00e1 ser ben\u00e9fico usufruir da oportunidade.<\/p>\n\n\n\n<h3 class=\"wp-block-heading\"><strong>O que os av\u00f3s devem evitar?<\/strong><\/h3>\n\n\n\n<p>Apesar de todas as vantagens, a ideia de que os av\u00f3s podem \u201cestragar\u201d a crian\u00e7a ainda \u00e9 muito presente.<\/p>\n\n\n\n<p>Ent\u00e3o, devem evitar comportamentos como:<\/p>\n\n\n\n<ul class=\"wp-block-list\"><li>Falar \u201c\u00e0 beb\u00e9\u201d, para n\u00e3o prejudicar a linguagem oral;<\/li><li>Impedir a experimenta\u00e7\u00e3o de novos alimentos, texturas e sabores;<\/li><li>Assumir sempre os h\u00e1bitos de higiene pessoal;<\/li><li>Questionar e quebrar ordens e regras dos pais.<\/li><\/ul>\n\n\n\n<p>&nbsp;Se estas quest\u00f5es acontecerem de forma frequente, os pais poder\u00e3o sempre repensar a sua tomada de decis\u00e3o.<\/p>\n\n\n\n<h2 class=\"wp-block-heading\" id=\"4-crescer-em-todos-os-lugares\"><strong>Crescer em todos os lugares<\/strong><\/h2>\n\n\n\n<p>Seja na <a href=\"https:\/\/www.luacrescente.pt\/valencias\/creche\" target=\"_blank\" rel=\"noreferrer noopener\" aria-label=\" (abre num novo separador)\">creche<\/a> ou com os av\u00f3s, <strong>a solu\u00e7\u00e3o ideal depende sempre de cada fam\u00edlia e, principalmente, de cada crian\u00e7a<\/strong>, pelo que, se existe um segredo neste assunto, \u00e9 prestar aten\u00e7\u00e3o \u00e0s suas necessidades e ritmo de desenvolvimento.<\/p>\n\n\n\n<blockquote class=\"wp-block-quote is-layout-flow wp-block-quote-is-layout-flow\"><p>Afinal de contas, <strong>a qualidade do tempo \u00e9 o que faz a diferen\u00e7a nos resultados sociais, de sa\u00fade, cognitivos e emocionais.<\/strong><\/p><\/blockquote>\n\n\n\n<p>Independentemente da decis\u00e3o, o importante \u00e9 que haja entendimento com os pais, de forma a contribuir para um crescimento saud\u00e1vel e consistente.<strong>Na Lua Crescente, acreditamos no acompanhamento personalizado, respeitando a individualidade de cada crian\u00e7a<\/strong>. Caso seja a sua op\u00e7\u00e3o, estamos preparados para proporcionar um desenvolvimento estimulante e feliz.<\/p>\n","protected":false},"excerpt":{"rendered":"<p>Uma das maiores fontes de stress para os pais surge na altura de escolher um local onde deixar as...","protected":false},"author":10,"featured_media":335,"comment_status":"open","ping_status":"open","sticky":false,"template":"","format":"standard","meta":{"_acf_changed":false,"_genesis_hide_title":false,"_genesis_hide_breadcrumbs":false,"_genesis_hide_singular_image":false,"_genesis_hide_footer_widgets":false,"_genesis_custom_body_class":"","_genesis_custom_post_class":"","_genesis_layout":"","footnotes":""},"categories":[4],"tags":[37],"class_list":{"0":"post-333","1":"post","2":"type-post","3":"status-publish","4":"format-standard","5":"has-post-thumbnail","7":"category-creche","8":"tag-creche","9":"entry"},"acf":[],"yoast_head":"<!-- This site is optimized with the Yoast SEO plugin v26.2 - https:\/\/yoast.com\/wordpress\/plugins\/seo\/ -->\n<title>As crian\u00e7as devem ir para os Av\u00f3s ou para a Creche?<\/title>\n<meta name=\"description\" content=\"Deixar os filhos c\/os av\u00f3s ou na escola \u00e9 decis\u00e3o dif\u00edcil para os pais. Leia aqui o papel de cada situa\u00e7\u00e3o no desenvolvimento das crian\u00e7as\" \/>\n<meta name=\"robots\" content=\"index, follow, max-snippet:-1, max-image-preview:large, max-video-preview:-1\" \/>\n<link rel=\"canonical\" href=\"https:\/\/www.luacrescente.pt\/blog\/as-criancas-devem-ir-para-os-avos-ou-para-a-creche\/\" \/>\n<meta property=\"og:locale\" content=\"pt_PT\" \/>\n<meta property=\"og:type\" content=\"article\" \/>\n<meta property=\"og:title\" content=\"As crian\u00e7as devem ir para os Av\u00f3s ou para a Creche?\" \/>\n<meta property=\"og:description\" content=\"Deixar os filhos c\/os av\u00f3s ou na escola \u00e9 decis\u00e3o dif\u00edcil para os pais. Leia aqui o papel de cada situa\u00e7\u00e3o no desenvolvimento das crian\u00e7as\" \/>\n<meta property=\"og:url\" content=\"https:\/\/www.luacrescente.pt\/blog\/as-criancas-devem-ir-para-os-avos-ou-para-a-creche\/\" \/>\n<meta property=\"og:site_name\" content=\"Blog da Lua Crescente \u2014 Educa\u00e7\u00e3o, Autonomia e Fam\u00edlia\" \/>\n<meta property=\"article:published_time\" content=\"2020-08-10T10:00:53+00:00\" \/>\n<meta property=\"article:modified_time\" content=\"2021-03-14T22:06:08+00:00\" \/>\n<meta property=\"og:image\" content=\"https:\/\/www.luacrescente.pt\/blog\/wp-content\/uploads\/2020\/11\/as-criancas-devem-ir-para-os-avos-ou-para-a-creche.jpg\" \/>\n\t<meta property=\"og:image:width\" content=\"700\" \/>\n\t<meta property=\"og:image:height\" content=\"455\" \/>\n\t<meta property=\"og:image:type\" content=\"image\/jpeg\" \/>\n<meta name=\"author\" content=\"Lua Crescente\" \/>\n<meta name=\"twitter:card\" content=\"summary_large_image\" \/>\n<meta name=\"twitter:label1\" content=\"Escrito por\" \/>\n\t<meta name=\"twitter:data1\" content=\"Lua Crescente\" \/>\n\t<meta name=\"twitter:label2\" content=\"Tempo estimado de leitura\" \/>\n\t<meta name=\"twitter:data2\" content=\"5 minutos\" \/>\n<script type=\"application\/ld+json\" class=\"yoast-schema-graph\">{\"@context\":\"https:\/\/schema.org\",\"@graph\":[{\"@type\":\"Article\",\"@id\":\"https:\/\/www.luacrescente.pt\/blog\/as-criancas-devem-ir-para-os-avos-ou-para-a-creche\/#article\",\"isPartOf\":{\"@id\":\"https:\/\/www.luacrescente.pt\/blog\/as-criancas-devem-ir-para-os-avos-ou-para-a-creche\/\"},\"author\":{\"name\":\"Lua Crescente\",\"@id\":\"https:\/\/www.luacrescente.pt\/blog\/#\/schema\/person\/a559b778fe5a2a2688f347ee5869eaa5\"},\"headline\":\"As crian\u00e7as devem ir para os Av\u00f3s ou para a Creche?\",\"datePublished\":\"2020-08-10T10:00:53+00:00\",\"dateModified\":\"2021-03-14T22:06:08+00:00\",\"mainEntityOfPage\":{\"@id\":\"https:\/\/www.luacrescente.pt\/blog\/as-criancas-devem-ir-para-os-avos-ou-para-a-creche\/\"},\"wordCount\":993,\"commentCount\":4,\"publisher\":{\"@id\":\"https:\/\/www.luacrescente.pt\/blog\/#organization\"},\"image\":{\"@id\":\"https:\/\/www.luacrescente.pt\/blog\/as-criancas-devem-ir-para-os-avos-ou-para-a-creche\/#primaryimage\"},\"thumbnailUrl\":\"https:\/\/www.luacrescente.pt\/blog\/wp-content\/uploads\/2020\/11\/as-criancas-devem-ir-para-os-avos-ou-para-a-creche.jpg\",\"keywords\":[\"Creche\"],\"articleSection\":[\"Creche\"],\"inLanguage\":\"pt-PT\",\"potentialAction\":[{\"@type\":\"CommentAction\",\"name\":\"Comment\",\"target\":[\"https:\/\/www.luacrescente.pt\/blog\/as-criancas-devem-ir-para-os-avos-ou-para-a-creche\/#respond\"]}]},{\"@type\":\"WebPage\",\"@id\":\"https:\/\/www.luacrescente.pt\/blog\/as-criancas-devem-ir-para-os-avos-ou-para-a-creche\/\",\"url\":\"https:\/\/www.luacrescente.pt\/blog\/as-criancas-devem-ir-para-os-avos-ou-para-a-creche\/\",\"name\":\"As crian\u00e7as devem ir para os Av\u00f3s ou para a Creche?\",\"isPartOf\":{\"@id\":\"https:\/\/www.luacrescente.pt\/blog\/#website\"},\"primaryImageOfPage\":{\"@id\":\"https:\/\/www.luacrescente.pt\/blog\/as-criancas-devem-ir-para-os-avos-ou-para-a-creche\/#primaryimage\"},\"image\":{\"@id\":\"https:\/\/www.luacrescente.pt\/blog\/as-criancas-devem-ir-para-os-avos-ou-para-a-creche\/#primaryimage\"},\"thumbnailUrl\":\"https:\/\/www.luacrescente.pt\/blog\/wp-content\/uploads\/2020\/11\/as-criancas-devem-ir-para-os-avos-ou-para-a-creche.jpg\",\"datePublished\":\"2020-08-10T10:00:53+00:00\",\"dateModified\":\"2021-03-14T22:06:08+00:00\",\"description\":\"Deixar os filhos c\/os av\u00f3s ou na escola \u00e9 decis\u00e3o dif\u00edcil para os pais. Leia aqui o papel de cada situa\u00e7\u00e3o no desenvolvimento das crian\u00e7as\",\"breadcrumb\":{\"@id\":\"https:\/\/www.luacrescente.pt\/blog\/as-criancas-devem-ir-para-os-avos-ou-para-a-creche\/#breadcrumb\"},\"inLanguage\":\"pt-PT\",\"potentialAction\":[{\"@type\":\"ReadAction\",\"target\":[\"https:\/\/www.luacrescente.pt\/blog\/as-criancas-devem-ir-para-os-avos-ou-para-a-creche\/\"]}]},{\"@type\":\"ImageObject\",\"inLanguage\":\"pt-PT\",\"@id\":\"https:\/\/www.luacrescente.pt\/blog\/as-criancas-devem-ir-para-os-avos-ou-para-a-creche\/#primaryimage\",\"url\":\"https:\/\/www.luacrescente.pt\/blog\/wp-content\/uploads\/2020\/11\/as-criancas-devem-ir-para-os-avos-ou-para-a-creche.jpg\",\"contentUrl\":\"https:\/\/www.luacrescente.pt\/blog\/wp-content\/uploads\/2020\/11\/as-criancas-devem-ir-para-os-avos-ou-para-a-creche.jpg\",\"width\":700,\"height\":455},{\"@type\":\"BreadcrumbList\",\"@id\":\"https:\/\/www.luacrescente.pt\/blog\/as-criancas-devem-ir-para-os-avos-ou-para-a-creche\/#breadcrumb\",\"itemListElement\":[{\"@type\":\"ListItem\",\"position\":1,\"name\":\"In\u00edcio\",\"item\":\"https:\/\/www.luacrescente.pt\/blog\/\"},{\"@type\":\"ListItem\",\"position\":2,\"name\":\"As crian\u00e7as devem ir para os Av\u00f3s ou para a Creche?\"}]},{\"@type\":\"WebSite\",\"@id\":\"https:\/\/www.luacrescente.pt\/blog\/#website\",\"url\":\"https:\/\/www.luacrescente.pt\/blog\/\",\"name\":\"Blog da Lua Crescente \u2014 Educa\u00e7\u00e3o, Autonomia e Fam\u00edlia\",\"description\":\"Descubra conte\u00fados para creche, pr\u00e9-escolar e 1.\u00ba ciclo: rotinas, leitura e alimenta\u00e7\u00e3o. Mantenha-se a par das novidades da Lua Crescente.\",\"publisher\":{\"@id\":\"https:\/\/www.luacrescente.pt\/blog\/#organization\"},\"potentialAction\":[{\"@type\":\"SearchAction\",\"target\":{\"@type\":\"EntryPoint\",\"urlTemplate\":\"https:\/\/www.luacrescente.pt\/blog\/?s={search_term_string}\"},\"query-input\":{\"@type\":\"PropertyValueSpecification\",\"valueRequired\":true,\"valueName\":\"search_term_string\"}}],\"inLanguage\":\"pt-PT\"},{\"@type\":\"Organization\",\"@id\":\"https:\/\/www.luacrescente.pt\/blog\/#organization\",\"name\":\"Blog da Lua Crescente \u2014 Educa\u00e7\u00e3o, Autonomia e Fam\u00edlia\",\"url\":\"https:\/\/www.luacrescente.pt\/blog\/\",\"logo\":{\"@type\":\"ImageObject\",\"inLanguage\":\"pt-PT\",\"@id\":\"https:\/\/www.luacrescente.pt\/blog\/#\/schema\/logo\/image\/\",\"url\":\"https:\/\/www.luacrescente.pt\/blog\/wp-content\/uploads\/2020\/07\/logo-lua-crescente.png\",\"contentUrl\":\"https:\/\/www.luacrescente.pt\/blog\/wp-content\/uploads\/2020\/07\/logo-lua-crescente.png\",\"width\":260,\"height\":65,\"caption\":\"Blog da Lua Crescente \u2014 Educa\u00e7\u00e3o, Autonomia e Fam\u00edlia\"},\"image\":{\"@id\":\"https:\/\/www.luacrescente.pt\/blog\/#\/schema\/logo\/image\/\"}},{\"@type\":\"Person\",\"@id\":\"https:\/\/www.luacrescente.pt\/blog\/#\/schema\/person\/a559b778fe5a2a2688f347ee5869eaa5\",\"name\":\"Lua Crescente\",\"image\":{\"@type\":\"ImageObject\",\"inLanguage\":\"pt-PT\",\"@id\":\"https:\/\/www.luacrescente.pt\/blog\/#\/schema\/person\/image\/\",\"url\":\"https:\/\/secure.gravatar.com\/avatar\/dc27765652fc4820154e48b165585fcfca1f23677e140d7f4209c7963c980850?s=96&d=mm&r=g\",\"contentUrl\":\"https:\/\/secure.gravatar.com\/avatar\/dc27765652fc4820154e48b165585fcfca1f23677e140d7f4209c7963c980850?s=96&d=mm&r=g\",\"caption\":\"Lua Crescente\"},\"url\":\"https:\/\/www.luacrescente.pt\/blog\/author\/lua-crescente\/\"}]}<\/script>\n<!-- \/ Yoast SEO plugin. -->","yoast_head_json":{"title":"As crian\u00e7as devem ir para os Av\u00f3s ou para a Creche?","description":"Deixar os filhos c\/os av\u00f3s ou na escola \u00e9 decis\u00e3o dif\u00edcil para os pais. Leia aqui o papel de cada situa\u00e7\u00e3o no desenvolvimento das crian\u00e7as","robots":{"index":"index","follow":"follow","max-snippet":"max-snippet:-1","max-image-preview":"max-image-preview:large","max-video-preview":"max-video-preview:-1"},"canonical":"https:\/\/www.luacrescente.pt\/blog\/as-criancas-devem-ir-para-os-avos-ou-para-a-creche\/","og_locale":"pt_PT","og_type":"article","og_title":"As crian\u00e7as devem ir para os Av\u00f3s ou para a Creche?","og_description":"Deixar os filhos c\/os av\u00f3s ou na escola \u00e9 decis\u00e3o dif\u00edcil para os pais. Leia aqui o papel de cada situa\u00e7\u00e3o no desenvolvimento das crian\u00e7as","og_url":"https:\/\/www.luacrescente.pt\/blog\/as-criancas-devem-ir-para-os-avos-ou-para-a-creche\/","og_site_name":"Blog da Lua Crescente \u2014 Educa\u00e7\u00e3o, Autonomia e Fam\u00edlia","article_published_time":"2020-08-10T10:00:53+00:00","article_modified_time":"2021-03-14T22:06:08+00:00","og_image":[{"width":700,"height":455,"url":"https:\/\/www.luacrescente.pt\/blog\/wp-content\/uploads\/2020\/11\/as-criancas-devem-ir-para-os-avos-ou-para-a-creche.jpg","type":"image\/jpeg"}],"author":"Lua Crescente","twitter_card":"summary_large_image","twitter_misc":{"Escrito por":"Lua Crescente","Tempo estimado de leitura":"5 minutos"},"schema":{"@context":"https:\/\/schema.org","@graph":[{"@type":"Article","@id":"https:\/\/www.luacrescente.pt\/blog\/as-criancas-devem-ir-para-os-avos-ou-para-a-creche\/#article","isPartOf":{"@id":"https:\/\/www.luacrescente.pt\/blog\/as-criancas-devem-ir-para-os-avos-ou-para-a-creche\/"},"author":{"name":"Lua Crescente","@id":"https:\/\/www.luacrescente.pt\/blog\/#\/schema\/person\/a559b778fe5a2a2688f347ee5869eaa5"},"headline":"As crian\u00e7as devem ir para os Av\u00f3s ou para a Creche?","datePublished":"2020-08-10T10:00:53+00:00","dateModified":"2021-03-14T22:06:08+00:00","mainEntityOfPage":{"@id":"https:\/\/www.luacrescente.pt\/blog\/as-criancas-devem-ir-para-os-avos-ou-para-a-creche\/"},"wordCount":993,"commentCount":4,"publisher":{"@id":"https:\/\/www.luacrescente.pt\/blog\/#organization"},"image":{"@id":"https:\/\/www.luacrescente.pt\/blog\/as-criancas-devem-ir-para-os-avos-ou-para-a-creche\/#primaryimage"},"thumbnailUrl":"https:\/\/www.luacrescente.pt\/blog\/wp-content\/uploads\/2020\/11\/as-criancas-devem-ir-para-os-avos-ou-para-a-creche.jpg","keywords":["Creche"],"articleSection":["Creche"],"inLanguage":"pt-PT","potentialAction":[{"@type":"CommentAction","name":"Comment","target":["https:\/\/www.luacrescente.pt\/blog\/as-criancas-devem-ir-para-os-avos-ou-para-a-creche\/#respond"]}]},{"@type":"WebPage","@id":"https:\/\/www.luacrescente.pt\/blog\/as-criancas-devem-ir-para-os-avos-ou-para-a-creche\/","url":"https:\/\/www.luacrescente.pt\/blog\/as-criancas-devem-ir-para-os-avos-ou-para-a-creche\/","name":"As crian\u00e7as devem ir para os Av\u00f3s ou para a Creche?","isPartOf":{"@id":"https:\/\/www.luacrescente.pt\/blog\/#website"},"primaryImageOfPage":{"@id":"https:\/\/www.luacrescente.pt\/blog\/as-criancas-devem-ir-para-os-avos-ou-para-a-creche\/#primaryimage"},"image":{"@id":"https:\/\/www.luacrescente.pt\/blog\/as-criancas-devem-ir-para-os-avos-ou-para-a-creche\/#primaryimage"},"thumbnailUrl":"https:\/\/www.luacrescente.pt\/blog\/wp-content\/uploads\/2020\/11\/as-criancas-devem-ir-para-os-avos-ou-para-a-creche.jpg","datePublished":"2020-08-10T10:00:53+00:00","dateModified":"2021-03-14T22:06:08+00:00","description":"Deixar os filhos c\/os av\u00f3s ou na escola \u00e9 decis\u00e3o dif\u00edcil para os pais. Leia aqui o papel de cada situa\u00e7\u00e3o no desenvolvimento das crian\u00e7as","breadcrumb":{"@id":"https:\/\/www.luacrescente.pt\/blog\/as-criancas-devem-ir-para-os-avos-ou-para-a-creche\/#breadcrumb"},"inLanguage":"pt-PT","potentialAction":[{"@type":"ReadAction","target":["https:\/\/www.luacrescente.pt\/blog\/as-criancas-devem-ir-para-os-avos-ou-para-a-creche\/"]}]},{"@type":"ImageObject","inLanguage":"pt-PT","@id":"https:\/\/www.luacrescente.pt\/blog\/as-criancas-devem-ir-para-os-avos-ou-para-a-creche\/#primaryimage","url":"https:\/\/www.luacrescente.pt\/blog\/wp-content\/uploads\/2020\/11\/as-criancas-devem-ir-para-os-avos-ou-para-a-creche.jpg","contentUrl":"https:\/\/www.luacrescente.pt\/blog\/wp-content\/uploads\/2020\/11\/as-criancas-devem-ir-para-os-avos-ou-para-a-creche.jpg","width":700,"height":455},{"@type":"BreadcrumbList","@id":"https:\/\/www.luacrescente.pt\/blog\/as-criancas-devem-ir-para-os-avos-ou-para-a-creche\/#breadcrumb","itemListElement":[{"@type":"ListItem","position":1,"name":"In\u00edcio","item":"https:\/\/www.luacrescente.pt\/blog\/"},{"@type":"ListItem","position":2,"name":"As crian\u00e7as devem ir para os Av\u00f3s ou para a Creche?"}]},{"@type":"WebSite","@id":"https:\/\/www.luacrescente.pt\/blog\/#website","url":"https:\/\/www.luacrescente.pt\/blog\/","name":"Blog da Lua Crescente \u2014 Educa\u00e7\u00e3o, Autonomia e Fam\u00edlia","description":"Descubra conte\u00fados para creche, pr\u00e9-escolar e 1.\u00ba ciclo: rotinas, leitura e alimenta\u00e7\u00e3o. Mantenha-se a par das novidades da Lua Crescente.","publisher":{"@id":"https:\/\/www.luacrescente.pt\/blog\/#organization"},"potentialAction":[{"@type":"SearchAction","target":{"@type":"EntryPoint","urlTemplate":"https:\/\/www.luacrescente.pt\/blog\/?s={search_term_string}"},"query-input":{"@type":"PropertyValueSpecification","valueRequired":true,"valueName":"search_term_string"}}],"inLanguage":"pt-PT"},{"@type":"Organization","@id":"https:\/\/www.luacrescente.pt\/blog\/#organization","name":"Blog da Lua Crescente \u2014 Educa\u00e7\u00e3o, Autonomia e Fam\u00edlia","url":"https:\/\/www.luacrescente.pt\/blog\/","logo":{"@type":"ImageObject","inLanguage":"pt-PT","@id":"https:\/\/www.luacrescente.pt\/blog\/#\/schema\/logo\/image\/","url":"https:\/\/www.luacrescente.pt\/blog\/wp-content\/uploads\/2020\/07\/logo-lua-crescente.png","contentUrl":"https:\/\/www.luacrescente.pt\/blog\/wp-content\/uploads\/2020\/07\/logo-lua-crescente.png","width":260,"height":65,"caption":"Blog da Lua Crescente \u2014 Educa\u00e7\u00e3o, Autonomia e Fam\u00edlia"},"image":{"@id":"https:\/\/www.luacrescente.pt\/blog\/#\/schema\/logo\/image\/"}},{"@type":"Person","@id":"https:\/\/www.luacrescente.pt\/blog\/#\/schema\/person\/a559b778fe5a2a2688f347ee5869eaa5","name":"Lua Crescente","image":{"@type":"ImageObject","inLanguage":"pt-PT","@id":"https:\/\/www.luacrescente.pt\/blog\/#\/schema\/person\/image\/","url":"https:\/\/secure.gravatar.com\/avatar\/dc27765652fc4820154e48b165585fcfca1f23677e140d7f4209c7963c980850?s=96&d=mm&r=g","contentUrl":"https:\/\/secure.gravatar.com\/avatar\/dc27765652fc4820154e48b165585fcfca1f23677e140d7f4209c7963c980850?s=96&d=mm&r=g","caption":"Lua Crescente"},"url":"https:\/\/www.luacrescente.pt\/blog\/author\/lua-crescente\/"}]}},"_links":{"self":[{"href":"https:\/\/www.luacrescente.pt\/blog\/wp-json\/wp\/v2\/posts\/333","targetHints":{"allow":["GET"]}}],"collection":[{"href":"https:\/\/www.luacrescente.pt\/blog\/wp-json\/wp\/v2\/posts"}],"about":[{"href":"https:\/\/www.luacrescente.pt\/blog\/wp-json\/wp\/v2\/types\/post"}],"author":[{"embeddable":true,"href":"https:\/\/www.luacrescente.pt\/blog\/wp-json\/wp\/v2\/users\/10"}],"replies":[{"embeddable":true,"href":"https:\/\/www.luacrescente.pt\/blog\/wp-json\/wp\/v2\/comments?post=333"}],"version-history":[{"count":4,"href":"https:\/\/www.luacrescente.pt\/blog\/wp-json\/wp\/v2\/posts\/333\/revisions"}],"predecessor-version":[{"id":339,"href":"https:\/\/www.luacrescente.pt\/blog\/wp-json\/wp\/v2\/posts\/333\/revisions\/339"}],"wp:featuredmedia":[{"embeddable":true,"href":"https:\/\/www.luacrescente.pt\/blog\/wp-json\/wp\/v2\/media\/335"}],"wp:attachment":[{"href":"https:\/\/www.luacrescente.pt\/blog\/wp-json\/wp\/v2\/media?parent=333"}],"wp:term":[{"taxonomy":"category","embeddable":true,"href":"https:\/\/www.luacrescente.pt\/blog\/wp-json\/wp\/v2\/categories?post=333"},{"taxonomy":"post_tag","embeddable":true,"href":"https:\/\/www.luacrescente.pt\/blog\/wp-json\/wp\/v2\/tags?post=333"}],"curies":[{"name":"wp","href":"https:\/\/api.w.org\/{rel}","templated":true}]}}