{"id":1856,"date":"2026-04-29T07:28:07","date_gmt":"2026-04-29T07:28:07","guid":{"rendered":"https:\/\/www.luacrescente.pt\/blog\/?p=1856"},"modified":"2026-04-29T07:28:09","modified_gmt":"2026-04-29T07:28:09","slug":"importancia-do-jardim-de-infancia-no-desenvolvimento-da-crianca-guia-completo-para-familias","status":"publish","type":"post","link":"https:\/\/www.luacrescente.pt\/blog\/importancia-do-jardim-de-infancia-no-desenvolvimento-da-crianca-guia-completo-para-familias\/","title":{"rendered":"Import\u00e2ncia do Jardim de Inf\u00e2ncia no desenvolvimento da crian\u00e7a: guia completo para fam\u00edlias"},"content":{"rendered":"\n<p>Escolher o contexto educativo onde uma crian\u00e7a vai crescer \u00e9 uma das decis\u00f5es mais importantes para qualquer fam\u00edlia. <a href=\"https:\/\/www.luacrescente.pt\/valencias\/jardim-de-infancia\" target=\"_blank\" rel=\"noreferrer noopener\">Compreender a import\u00e2ncia do Jardim de Inf\u00e2ncia<\/a> \u00e9 perceber que esta etapa vai muito al\u00e9m de preparar a entrada no 1.\u00ba ciclo: trata-se de um per\u00edodo decisivo de desenvolvimento.<\/p>\n\n\n\n<p>O Jardim de Inf\u00e2ncia \u00e9 o contexto perfeito para desenvolver compet\u00eancias sociais, f\u00edsicas, emocionais e cognitivas, de forma integrada e equilibrada. A aprendizagem acontece atrav\u00e9s das rela\u00e7\u00f5es, da brincadeira e da participa\u00e7\u00e3o ativa nas rotinas do grupo.<\/p>\n\n\n\n<p>Neste guia completo, explicamos porque o Jardim de Inf\u00e2ncia desempenha um papel t\u00e3o importante no desenvolvimento infantil.<\/p>\n\n\n\n<h3 class=\"wp-block-heading\">Ao ler este artigo vai descobrir:<\/h3>\n\n\n\n<ul class=\"wp-block-list\">\n<li>O que as crian\u00e7as realmente aprendem no Jardim de Inf\u00e2ncia<br><\/li>\n\n\n\n<li>Como esta etapa contribui para o desenvolvimento cognitivo<br><\/li>\n\n\n\n<li>De que forma o Jardim de Inf\u00e2ncia fortalece o desenvolvimento emocional<br><\/li>\n\n\n\n<li>Porque o conv\u00edvio com outras crian\u00e7as \u00e9 essencial para o desenvolvimento social<br><\/li>\n\n\n\n<li>Como a autonomia se constr\u00f3i nas rotinas do dia a dia<br><\/li>\n\n\n\n<li>Qual \u00e9 o verdadeiro papel da brincadeira no processo de aprendizagem<br><\/li>\n\n\n\n<li>Se o Jardim de Inf\u00e2ncia \u00e9 mesmo necess\u00e1rio antes do 1.\u00ba ciclo<br><\/li>\n\n\n\n<li>Como escolher um Jardim de Inf\u00e2ncia que promova um desenvolvimento equilibrado<\/li>\n<\/ul>\n\n\n<div class=\"wp-block-image\">\n<figure class=\"aligncenter size-full\"><img loading=\"lazy\" decoding=\"async\" width=\"690\" height=\"482\" src=\"https:\/\/www.luacrescente.pt\/blog\/wp-content\/uploads\/2026\/04\/lua-crescente-a-importancia-do-jardim-de-infancia-no-desenvolvimento-da-crianca.jpg\" alt=\"\" class=\"wp-image-1864\" srcset=\"https:\/\/www.luacrescente.pt\/blog\/wp-content\/uploads\/2026\/04\/lua-crescente-a-importancia-do-jardim-de-infancia-no-desenvolvimento-da-crianca.jpg 690w, https:\/\/www.luacrescente.pt\/blog\/wp-content\/uploads\/2026\/04\/lua-crescente-a-importancia-do-jardim-de-infancia-no-desenvolvimento-da-crianca-300x210.jpg 300w\" sizes=\"auto, (max-width: 690px) 100vw, 690px\" \/><\/figure><\/div>\n\n\n<h2 class=\"wp-block-heading\" id=\"1-o-que-e-que-a-crianca-aprende-no-jardim-de-infancia\"><strong>O que \u00e9 que a crian\u00e7a aprende no Jardim de Inf\u00e2ncia?<\/strong><\/h2>\n\n\n\n<p>No Jardim de Inf\u00e2ncia, a crian\u00e7a aprende a conviver com os outros, a desenvolver autonomia e a participar ativamente na vida do grupo.<\/p>\n\n\n\n<p>Este \u00e9 um contexto privilegiado de aprendizagem de valores que a acompanham para a vida, como a responsabilidade, a autonomia e o respeito pelo outro.&nbsp;<\/p>\n\n\n\n<p><em>\u00c9 no Jardim de Inf\u00e2ncia que a crian\u00e7a desenvolve maior consci\u00eancia de si, aprende a lidar com frustra\u00e7\u00f5es e a encontrar estrat\u00e9gias para resolver desafios \u2014 compet\u00eancias essenciais para o equil\u00edbrio emocional.<\/em><\/p>\n\n\n\n<p>No quotidiano do Jardim de Inf\u00e2ncia, incentivamos a crian\u00e7a a:<\/p>\n\n\n\n<ul class=\"wp-block-list\">\n<li><strong>Fazer escolhas e justificar decis\u00f5es<\/strong>, para desenvolver o pensamento cr\u00edtico.<br><\/li>\n\n\n\n<li><strong>Resolver conflitos atrav\u00e9s do di\u00e1logo<\/strong> e aprender a escutar e a ser escutada.<br><\/li>\n\n\n\n<li><strong>Participar no planeamento do dia<\/strong>, organizar tarefas e assumir responsabilidades no grupo.<\/li>\n<\/ul>\n\n\n\n<p>Ao participar de forma ativa na vida do grupo, a crian\u00e7a constr\u00f3i autonomia, fortalece a autoconfian\u00e7a e desenvolve compet\u00eancias sociais que sustentam todo o seu percurso futuro.<\/p>\n\n\n\n<div class=\"wp-block-buttons is-layout-flex wp-block-buttons-is-layout-flex\">\n<div class=\"wp-block-button is-style-fill\"><a class=\"wp-block-button__link has-text-color has-background has-link-color wp-element-button\" href=\"https:\/\/www.luacrescente.pt\/metodologia\" style=\"color:#fdfdfd;background-color:#ed82ec\" target=\"_blank\" rel=\"noreferrer noopener\">Conhe\u00e7a a Metodologia da Lua Crescente<\/a><\/div>\n<\/div>\n\n\n\n<h2 class=\"wp-block-heading\" id=\"2-como-e-que-o-jardim-de-infancia-contribui-para-o-desenvolvimento-cognitivo\"><strong>Como \u00e9 que o Jardim de Inf\u00e2ncia contribui para o desenvolvimento cognitivo?<\/strong><\/h2>\n\n\n\n<p>No Jardim de Inf\u00e2ncia, o desenvolvimento cognitivo acontece atrav\u00e9s da experi\u00eancia, da reflex\u00e3o e da participa\u00e7\u00e3o ativa nas atividades do dia a dia.&nbsp;<\/p>\n\n\n\n<p>Em vez de antecipar conte\u00fados escolares, o foco est\u00e1 em estimular a curiosidade natural da crian\u00e7a e em ajud\u00e1-la a aprender a pensar, a questionar e a encontrar solu\u00e7\u00f5es para situa\u00e7\u00f5es reais do quotidiano.<\/p>\n\n\n\n<h3 class=\"wp-block-heading\"><strong>Linguagem e comunica\u00e7\u00e3o: organizar o pensamento<\/strong><\/h3>\n\n\n\n<p>A linguagem \u00e9 uma das bases do desenvolvimento cognitivo. Nas hist\u00f3rias, dramatiza\u00e7\u00f5es e momentos de conversa em grupo, por exemplo, a crian\u00e7a aprende a estruturar ideias, desenvolve o seu vocabul\u00e1rio e come\u00e7a a expressar opini\u00f5es.<\/p>\n\n\n\n<p>Ao explicar o que fez ou ao relatar uma descoberta, est\u00e1 a organizar o pensamento. Ao escutar os colegas, aprende a considerar outras perspetivas. Este exerc\u00edcio constante desenvolve a mem\u00f3ria, aten\u00e7\u00e3o, capacidade de argumenta\u00e7\u00e3o e pensamento cr\u00edtico.<\/p>\n\n\n<div class=\"wp-block-image\">\n<figure class=\"aligncenter size-full\"><img loading=\"lazy\" decoding=\"async\" width=\"690\" height=\"482\" src=\"https:\/\/www.luacrescente.pt\/blog\/wp-content\/uploads\/2026\/04\/curiosidade-lua-crescente-a-importancia-do-jardim-de-infancia-no-desenvolvimento-da-crianca.jpg\" alt=\"\" class=\"wp-image-1861\" srcset=\"https:\/\/www.luacrescente.pt\/blog\/wp-content\/uploads\/2026\/04\/curiosidade-lua-crescente-a-importancia-do-jardim-de-infancia-no-desenvolvimento-da-crianca.jpg 690w, https:\/\/www.luacrescente.pt\/blog\/wp-content\/uploads\/2026\/04\/curiosidade-lua-crescente-a-importancia-do-jardim-de-infancia-no-desenvolvimento-da-crianca-300x210.jpg 300w\" sizes=\"auto, (max-width: 690px) 100vw, 690px\" \/><\/figure><\/div>\n\n\n<h3 class=\"wp-block-heading\"><strong>Curiosidade e resolu\u00e7\u00e3o de problemas: aprender atrav\u00e9s de projetos<\/strong><\/h3>\n\n\n\n<p>Quando as aprendizagens partem das perguntas das crian\u00e7as, o envolvimento aumenta e o pensamento torna-se mais profundo.&nbsp;<\/p>\n\n\n\n<p>Investigar como cresce uma planta, descobrir porque certos objetos flutuam ou planear uma constru\u00e7\u00e3o em grupo s\u00e3o oportunidades para formular hip\u00f3teses, testar ideias, rever estrat\u00e9gias e aprender com o erro.<\/p>\n\n\n\n<p><em><strong>\u00c9 assim que o desenvolvimento cognitivo no Jardim de Inf\u00e2ncia se constr\u00f3i: em contexto, com inten\u00e7\u00e3o pedag\u00f3gica e atrav\u00e9s da participa\u00e7\u00e3o ativa no processo de descoberta.<\/strong><\/em><\/p>\n\n\n\n<h2 class=\"wp-block-heading\" id=\"3-qual-e-o-papel-do-jardim-de-infancia-no-desenvolvimento-emocional-da-crianca\"><strong>Qual \u00e9 o papel do Jardim de Inf\u00e2ncia no desenvolvimento emocional da crian\u00e7a?<\/strong><\/h2>\n\n\n\n<p>O desenvolvimento emocional constr\u00f3i-se nas rela\u00e7\u00f5es do dia a dia. No Jardim de Inf\u00e2ncia, a crian\u00e7a aprende a reconhecer e a dar nome ao que sente, num ambiente seguro e acompanhado.<\/p>\n\n\n\n<p>\u00c9 tamb\u00e9m aqui que a crian\u00e7a descobre que nem sempre pode ser a primeira ou ter o brinquedo naquele momento. Aprender a esperar, a negociar e a lidar com pequenas frustra\u00e7\u00f5es \u00e9 um treino essencial de autorregula\u00e7\u00e3o e resili\u00eancia.<\/p>\n\n\n\n<p><a href=\"https:\/\/www.luacrescente.pt\/desafios\/jardim-de-infancia\/limites\" target=\"_blank\" rel=\"noreferrer noopener\">Saiba mais sobre o desafio dos limites no Jardim de Inf\u00e2ncia e como ajudamos as crian\u00e7as<\/a> a lidar com frustra\u00e7\u00f5es e a desenvolver autorregula\u00e7\u00e3o na Lua Crescente.<\/p>\n\n\n\n<h3 class=\"wp-block-heading\"><strong>Constru\u00e7\u00e3o da identidade e da confian\u00e7a emocional<\/strong><\/h3>\n\n\n\n<p>O desenvolvimento emocional est\u00e1 intimamente ligado \u00e0 constru\u00e7\u00e3o da identidade. Quando \u00e9 escutada, respeitada e valorizada, a crian\u00e7a constr\u00f3i uma imagem positiva de si pr\u00f3pria. Essa seguran\u00e7a d\u00e1-lhe coragem para tentar, persistir e enfrentar desafios.<\/p>\n\n\n\n<p>Mais do que preparar para a escola, o Jardim de Inf\u00e2ncia prepara para a vida, formando crian\u00e7as emocionalmente mais equilibradas e confiantes.<\/p>\n\n\n\n<p><a href=\"https:\/\/www.luacrescente.pt\/blog\/apoiar-o-desenvolvimento-emocional-e-promover-a-resiliencia-na-infancia\/\">Descubra neste artigo como apoiar o desenvolvimento emocional da crian\u00e7a e trabalhar a resili\u00eancia na inf\u00e2ncia<\/a>.<\/p>\n\n\n<div class=\"wp-block-image\">\n<figure class=\"aligncenter size-full\"><img loading=\"lazy\" decoding=\"async\" width=\"690\" height=\"482\" src=\"https:\/\/www.luacrescente.pt\/blog\/wp-content\/uploads\/2026\/04\/importancia-lua-crescente-a-importancia-do-jardim-de-infancia-no-desenvolvimento-da-crianca.jpg\" alt=\"\" class=\"wp-image-1862\" srcset=\"https:\/\/www.luacrescente.pt\/blog\/wp-content\/uploads\/2026\/04\/importancia-lua-crescente-a-importancia-do-jardim-de-infancia-no-desenvolvimento-da-crianca.jpg 690w, https:\/\/www.luacrescente.pt\/blog\/wp-content\/uploads\/2026\/04\/importancia-lua-crescente-a-importancia-do-jardim-de-infancia-no-desenvolvimento-da-crianca-300x210.jpg 300w\" sizes=\"auto, (max-width: 690px) 100vw, 690px\" \/><\/figure><\/div>\n\n\n<h2 class=\"wp-block-heading\" id=\"4-qual-a-importancia-do-jardim-de-infancia-no-desenvolvimento-social-da-crianca\"><strong>Qual a import\u00e2ncia do Jardim de Inf\u00e2ncia no desenvolvimento social da crian\u00e7a?<\/strong><\/h2>\n\n\n\n<p>No Jardim de Inf\u00e2ncia, a crian\u00e7a descobre que viver em grupo implica regras, coopera\u00e7\u00e3o e respeito, mas tamb\u00e9m partilha, amizade e conquistas em conjunto. \u00c9 neste contexto que aprende a relacionar-se com os outros e a compreender que cada pessoa tem vontades, sentimentos e necessidades diferentes.<\/p>\n\n\n\n<p>No dia a dia do grupo, a crian\u00e7a aprende a:<\/p>\n\n\n\n<ul class=\"wp-block-list\">\n<li>Esperar pela sua vez e respeitar o ritmo dos outros;<\/li>\n\n\n\n<li>Negociar decis\u00f5es quando surgem diferentes opini\u00f5es;<\/li>\n\n\n\n<li>Resolver conflitos atrav\u00e9s do di\u00e1logo, com apoio do adulto;<\/li>\n\n\n\n<li>Partilhar materiais e espa\u00e7os, desenvolvendo sentido de coopera\u00e7\u00e3o.<\/li>\n<\/ul>\n\n\n\n<p>Momentos regulares de reuni\u00e3o em grupo, onde as crian\u00e7as refletem sobre o que correu bem, o que pode melhorar e como organizar os dias seguintes s\u00e3o oportunidades valiosas para desenvolver escuta ativa, empatia e sentido de responsabilidade coletiva.<\/p>\n\n\n\n<h2 class=\"wp-block-heading\" id=\"5-como-e-que-o-jardim-de-infancia-contribui-para-o-desenvolvimento-da-autonomia-e-responsabilidade\"><strong>Como \u00e9 que o Jardim de Inf\u00e2ncia contribui para o desenvolvimento da autonomia e responsabilidade?<\/strong><\/h2>\n\n\n\n<p>No Jardim de Inf\u00e2ncia, promover a autonomia significa ajudar a crian\u00e7a a participar ativamente na sua rotina di\u00e1ria, sentindo-se capaz e \u00fatil dentro do grupo.<\/p>\n\n\n\n<p>Autonomia n\u00e3o significa fazer tudo sozinha nem fazer o que quer sem limites. Significa aprender a saber o que fazer, quando fazer e porqu\u00ea. \u00c9 compreender que faz parte de uma comunidade e que as suas a\u00e7\u00f5es t\u00eam impacto nos outros.<\/p>\n\n\n\n<p>No dia a dia do Jardim de Inf\u00e2ncia, esta aprendizagem constr\u00f3i-se atrav\u00e9s de pequenas responsabilidades ajustadas \u00e0 idade, como:<\/p>\n\n\n\n<ul class=\"wp-block-list\">\n<li>Cuidar dos seus pertences, como a mochila ou o casaco;<\/li>\n\n\n\n<li>Participar na organiza\u00e7\u00e3o do espa\u00e7o da sala;\u00a0<\/li>\n\n\n\n<li>Ajudar a preparar momentos do dia, como a reuni\u00e3o da manh\u00e3;<\/li>\n\n\n\n<li>Assumir tarefas no mapa de responsabilidades da sala;<\/li>\n\n\n\n<li>Colaborar no planeamento das atividades.<\/li>\n<\/ul>\n\n\n\n<p>Ao assumir estas pequenas fun\u00e7\u00f5es, a crian\u00e7a desenvolve a sua capacidade de organiza\u00e7\u00e3o, o sentido de compromisso e a confian\u00e7a nas pr\u00f3prias capacidades. Aprende que pode contribuir para o bem-estar do grupo e que o seu papel \u00e9 importante.<\/p>\n\n\n\n<h2 class=\"wp-block-heading\" id=\"6-porque-e-que-a-brincadeira-e-tao-importante-no-jardim-de-infancia\"><strong>Porque \u00e9 que a brincadeira \u00e9 t\u00e3o importante no Jardim de Inf\u00e2ncia?<\/strong><\/h2>\n\n\n\n<p>A <a href=\"https:\/\/criancaefamilia.spp.pt\/comportamentos-e-parentalidade\/parentalidade\/importancia-do-brincar\/\" target=\"_blank\" rel=\"noreferrer noopener\">brincadeira \u00e9 o principal motor de aprendizagem no Jardim de Inf\u00e2ncia<\/a>. \u00c9 atrav\u00e9s dela que a crian\u00e7a pensa, experimenta, comunica, resolve problemas e constr\u00f3i significado sobre o mundo que a rodeia.<\/p>\n\n\n\n<p>No pr\u00e9-escolar, brincar n\u00e3o \u00e9 uma pausa entre atividades, mas sim a pr\u00f3pria atividade educativa.<\/p>\n\n\n\n<p>Atrav\u00e9s da brincadeira, a crian\u00e7a desenvolve v\u00e1rias compet\u00eancias fundamentais:<\/p>\n\n\n\n<ul class=\"wp-block-list\">\n<li><strong>Racioc\u00ednio l\u00f3gico e criatividade<\/strong>, quando constr\u00f3i, inventa hist\u00f3rias ou experimenta diferentes solu\u00e7\u00f5es para um desafio.<br><\/li>\n\n\n\n<li><strong>Linguagem e comunica\u00e7\u00e3o<\/strong>, ao brincar ao \u201cfaz de conta\u201d, negociar regras ou explicar ideias aos colegas.<br><\/li>\n\n\n\n<li><strong>Compet\u00eancias sociais<\/strong>, ao partilhar materiais, esperar a vez, cooperar e resolver pequenos conflitos.<br><\/li>\n\n\n\n<li><strong>Gest\u00e3o emocional<\/strong>, ao lidar com emo\u00e7\u00f5es como entusiasmo, frustra\u00e7\u00e3o, orgulho ou satisfa\u00e7\u00e3o pelas conquistas.<\/li>\n<\/ul>\n\n\n\n<p>A brincadeira estimula o pensamento cr\u00edtico de forma natural e ajuda-nos a compreender a import\u00e2ncia do Jardim de Inf\u00e2ncia enquanto espa\u00e7o de aprendizagem ativa.<\/p>\n\n\n\n<p><a href=\"https:\/\/www.luacrescente.pt\/blog\/beneficios-aprendizagem-atraves-exploracao-jogo-livre\/\">Leia este artigo e descubra a import\u00e2ncia do jogo livre na educa\u00e7\u00e3o.<\/a><\/p>\n\n\n\n<h2 class=\"wp-block-heading\" id=\"7-perguntas-frequentes-dos-pais-sobre-a-importancia-do-jardim-de-infancia\"><strong>Perguntas frequentes dos pais sobre a import\u00e2ncia do Jardim de Inf\u00e2ncia<\/strong><\/h2>\n\n\n\n<p>Conhe\u00e7a algumas das perguntas mais frequentes dos pais sobre a import\u00e2ncia do Jardim de Inf\u00e2ncia para o desenvolvimento da crian\u00e7a.<\/p>\n\n\n\n<h3 class=\"wp-block-heading\"><strong>O Jardim de Inf\u00e2ncia \u00e9 obrigat\u00f3rio?<\/strong><\/h3>\n\n\n\n<p>N\u00e3o. O Jardim de Inf\u00e2ncia n\u00e3o \u00e9 obrigat\u00f3rio, mas \u00e9 recomendado. A partir dos 3 anos, a educa\u00e7\u00e3o pr\u00e9-escolar \u00e9 reconhecida como uma etapa importante para o desenvolvimento global da crian\u00e7a.<\/p>\n\n\n\n<p>Mais do que preparar para o 1.\u00ba Ciclo, o Jardim de Inf\u00e2ncia promove compet\u00eancias sociais, emocionais, lingu\u00edsticas e cognitivas fundamentais.<\/p>\n\n\n\n<h3 class=\"wp-block-heading\"><strong>A crian\u00e7a fica atrasada se n\u00e3o frequentar o Jardim de Inf\u00e2ncia?<\/strong><\/h3>\n\n\n\n<p>N\u00e3o necessariamente, mas pode perder oportunidades importantes de desenvolvimento em contexto de grupo.<\/p>\n\n\n\n<p>No Jardim de Inf\u00e2ncia, a crian\u00e7a participa em experi\u00eancias estruturadas de socializa\u00e7\u00e3o, coopera\u00e7\u00e3o, resolu\u00e7\u00e3o de conflitos e linguagem que s\u00e3o dif\u00edceis de replicar em casa. A aprendizagem entre pares \u00e9 um dos grandes contributos desta etapa.<\/p>\n\n\n\n<h3 class=\"wp-block-heading\"><strong>\u00c9 melhor adiar a entrada no Jardim de Inf\u00e2ncia?<\/strong><\/h3>\n\n\n\n<p>Depende da maturidade da crian\u00e7a e do contexto familiar.<\/p>\n\n\n\n<p>Algumas crian\u00e7as beneficiam de entrar aos 3 anos, enquanto outras podem precisar de mais tempo, sobretudo se houver imaturidade emocional significativa. O mais importante n\u00e3o \u00e9 apenas a idade, mas a capacidade de adapta\u00e7\u00e3o ao grupo, de separa\u00e7\u00e3o da figura de refer\u00eancia e de participa\u00e7\u00e3o nas rotinas.<\/p>\n\n\n\n<p>Uma avalia\u00e7\u00e3o individual e o di\u00e1logo com a equipa educativa ajudam a tomar uma decis\u00e3o consciente.<\/p>\n\n\n\n<h3 class=\"wp-block-heading\"><strong>Como saber se a crian\u00e7a est\u00e1 preparada para entrar no Jardim de Inf\u00e2ncia?<\/strong><\/h3>\n\n\n\n<p>N\u00e3o existe uma f\u00f3rmula \u00fanica. Alguns sinais podem incluir curiosidade pelo grupo, capacidade de comunicar necessidades b\u00e1sicas, alguma toler\u00e2ncia \u00e0 frustra\u00e7\u00e3o e separa\u00e7\u00e3o dos pais sem sofrimento prolongado.<\/p>\n\n\n\n<p>Ainda assim, estas compet\u00eancias n\u00e3o precisam de estar totalmente consolidadas. O Jardim de Inf\u00e2ncia \u00e9 tamb\u00e9m o espa\u00e7o onde elas se desenvolvem, com apoio, rotinas estruturadas e rela\u00e7\u00f5es seguras.<\/p>\n\n\n\n<p><a href=\"https:\/\/www.luacrescente.pt\/blog\/7-estrategias-para-uma-adaptacao-suave-ao-jardim-de-infancia\/\" target=\"_blank\" rel=\"noreferrer noopener\">Saiba como garantir uma adapta\u00e7\u00e3o tranquila ao Jardim de Inf\u00e2ncia, consulte este artigo.<\/a><\/p>\n\n\n\n<h3 class=\"wp-block-heading\"><strong>O Jardim de Inf\u00e2ncia prepara a crian\u00e7a para o 1.\u00ba Ciclo?<\/strong><\/h3>\n\n\n\n<p>Sim, mas n\u00e3o atrav\u00e9s da antecipa\u00e7\u00e3o formal de conte\u00fados.<\/p>\n\n\n\n<p>O Jardim de Inf\u00e2ncia prepara a crian\u00e7a para o 1.\u00ba Ciclo ao desenvolver autonomia, capacidade de concentra\u00e7\u00e3o, linguagem estruturada, pensamento l\u00f3gico e compet\u00eancias sociais, as bases essenciais para uma transi\u00e7\u00e3o equilibrada para o ensino b\u00e1sico.<\/p>\n\n\n\n<p><a href=\"https:\/\/www.luacrescente.pt\/blog\/6-conselhos-para-uma-transicao-tranquila-para-o-1o-ciclo\/\">Quer saber como fazer uma transi\u00e7\u00e3o positiva para o 1.\u00ba Ciclo, descubra neste artigo.<\/a><\/p>\n\n\n\n<figure class=\"wp-block-image size-full\"><img loading=\"lazy\" decoding=\"async\" width=\"690\" height=\"482\" src=\"https:\/\/www.luacrescente.pt\/blog\/wp-content\/uploads\/2026\/04\/image-8.jpeg\" alt=\"\" class=\"wp-image-1859\" srcset=\"https:\/\/www.luacrescente.pt\/blog\/wp-content\/uploads\/2026\/04\/image-8.jpeg 690w, https:\/\/www.luacrescente.pt\/blog\/wp-content\/uploads\/2026\/04\/image-8-300x210.jpeg 300w\" sizes=\"auto, (max-width: 690px) 100vw, 690px\" \/><\/figure>\n\n\n\n<h2 class=\"wp-block-heading\" id=\"8-como-escolher-um-jardim-de-infancia-que-promova-um-desenvolvimento-equilibrado-e-saudavel-da-crianca\"><strong>Como escolher um Jardim de Inf\u00e2ncia que promova um desenvolvimento equilibrado e saud\u00e1vel da crian\u00e7a?<\/strong><\/h2>\n\n\n\n<p>Escolher um Jardim de Inf\u00e2ncia n\u00e3o \u00e9 apenas garantir um espa\u00e7o seguro para o dia a dia. \u00c9 decidir que tipo de experi\u00eancias, valores e aprendizagens v\u00e3o acompanhar a crian\u00e7a numa fase decisiva do seu desenvolvimento.<\/p>\n\n\n\n<p>Um desenvolvimento equilibrado acontece quando existe intencionalidade pedag\u00f3gica, um ambiente emocional seguro e uma verdadeira parceria com a fam\u00edlia.<\/p>\n\n\n\n<h3 class=\"wp-block-heading\"><strong>Indicadores de qualidade pedag\u00f3gica<\/strong><\/h3>\n\n\n\n<p>Observe se:<\/p>\n\n\n\n<ul class=\"wp-block-list\">\n<li>Existe um projeto educativo claro e coerente;<\/li>\n\n\n\n<li>A aprendizagem parte dos interesses das crian\u00e7as;<\/li>\n\n\n\n<li>H\u00e1 equil\u00edbrio entre jogo livre e atividades orientadas;<\/li>\n\n\n\n<li>O foco est\u00e1 no desenvolvimento global (n\u00e3o apenas acad\u00e9mico);<\/li>\n\n\n\n<li>As rotinas s\u00e3o estruturadas, mas flex\u00edveis.<\/li>\n<\/ul>\n\n\n\n<h3 class=\"wp-block-heading\"><strong>Ambiente f\u00edsico e emocional<\/strong><\/h3>\n\n\n\n<p>Analise se:<\/p>\n\n\n\n<ul class=\"wp-block-list\">\n<li>As crian\u00e7as circulam com autonomia no espa\u00e7o;<\/li>\n\n\n\n<li>O espa\u00e7o \u00e9 organizado, acess\u00edvel e acolhedor;<\/li>\n\n\n\n<li>O ambiente \u00e9 tranquilo e respeitador;<\/li>\n\n\n\n<li>Os adultos interagem com escuta e presen\u00e7a.\u00a0<\/li>\n<\/ul>\n\n\n\n<h3 class=\"wp-block-heading\"><strong>Rela\u00e7\u00e3o escola-fam\u00edlia<\/strong><\/h3>\n\n\n\n<p>Procure sinais de:<\/p>\n\n\n\n<ul class=\"wp-block-list\">\n<li>Comunica\u00e7\u00e3o regular e transparente;<\/li>\n\n\n\n<li>Disponibilidade para o di\u00e1logo com os educadores;<\/li>\n\n\n\n<li>Partilha de progressos e desafios da crian\u00e7a;<\/li>\n\n\n\n<li>Envolvimento das fam\u00edlias no percurso educativo.<\/li>\n<\/ul>\n\n\n\n<p>O Jardim de Inf\u00e2ncia \u00e9 uma etapa fundamental no desenvolvimento da crian\u00e7a, onde se constroem as bases da autonomia, da confian\u00e7a e da rela\u00e7\u00e3o com o mundo.<\/p>\n\n\n\n<p>Se procura um Jardim de Inf\u00e2ncia onde cada etapa do crescimento \u00e9 acompanhada com inten\u00e7\u00e3o, sensibilidade e prop\u00f3sito educativo, convidamo-lo a <a href=\"https:\/\/www.luacrescente.pt\/valencias\/jardim-de-infancia#footer_contacts\" target=\"_blank\" rel=\"noreferrer noopener\">conhecer o col\u00e9gio Lua Crescente<\/a> e a descobrir como transformamos o dia a dia das crian\u00e7as em oportunidades reais de desenvolvimento.\u00a0<\/p>\n\n\n\n<div class=\"wp-block-buttons is-layout-flex wp-block-buttons-is-layout-flex\">\n<div class=\"wp-block-button is-style-fill\"><a class=\"wp-block-button__link has-text-color has-background has-link-color wp-element-button\" href=\"https:\/\/marcacao-de-visita.luacrescente.pt\/marcacao-de-visita\" style=\"color:#ffffff;background-color:#e57cec\" target=\"_blank\" rel=\"noreferrer noopener\">Marque j\u00e1 a sua visita<\/a><\/div>\n<\/div>\n\n\n\n<p><\/p>\n","protected":false},"excerpt":{"rendered":"<p>Escolher o contexto educativo onde uma crian\u00e7a vai crescer \u00e9 uma das decis\u00f5es mais importantes...","protected":false},"author":10,"featured_media":1865,"comment_status":"closed","ping_status":"open","sticky":false,"template":"","format":"standard","meta":{"_acf_changed":false,"_genesis_hide_title":false,"_genesis_hide_breadcrumbs":false,"_genesis_hide_singular_image":false,"_genesis_hide_footer_widgets":false,"_genesis_custom_body_class":"","_genesis_custom_post_class":"","_genesis_layout":"","footnotes":""},"categories":[5],"tags":[39],"class_list":{"0":"post-1856","1":"post","2":"type-post","3":"status-publish","4":"format-standard","5":"has-post-thumbnail","7":"category-jardim-de-infancia","8":"tag-jardim-de-infancia","9":"entry"},"acf":[],"yoast_head":"<!-- This site is optimized with the Yoast SEO plugin v26.2 - https:\/\/yoast.com\/wordpress\/plugins\/seo\/ -->\n<title>Jardim de Inf\u00e2ncia: guia completo para as fam\u00edlias<\/title>\n<meta name=\"description\" content=\"Descubra a import\u00e2ncia do Jardim de Inf\u00e2ncia no desenvolvimento cognitivo, emocional e social e como prepara para a vida e sucesso escolar.\" \/>\n<meta name=\"robots\" content=\"index, follow, max-snippet:-1, max-image-preview:large, max-video-preview:-1\" \/>\n<link rel=\"canonical\" href=\"https:\/\/www.luacrescente.pt\/blog\/importancia-do-jardim-de-infancia-no-desenvolvimento-da-crianca-guia-completo-para-familias\/\" \/>\n<meta property=\"og:locale\" content=\"pt_PT\" \/>\n<meta property=\"og:type\" content=\"article\" \/>\n<meta property=\"og:title\" content=\"Jardim de Inf\u00e2ncia: guia completo para as fam\u00edlias\" \/>\n<meta property=\"og:description\" content=\"Descubra a import\u00e2ncia do Jardim de Inf\u00e2ncia no desenvolvimento cognitivo, emocional e social e como prepara para a vida e sucesso escolar.\" \/>\n<meta property=\"og:url\" content=\"https:\/\/www.luacrescente.pt\/blog\/importancia-do-jardim-de-infancia-no-desenvolvimento-da-crianca-guia-completo-para-familias\/\" \/>\n<meta property=\"og:site_name\" content=\"Blog da Lua Crescente \u2014 Educa\u00e7\u00e3o, Autonomia e Fam\u00edlia\" \/>\n<meta property=\"article:published_time\" content=\"2026-04-29T07:28:07+00:00\" \/>\n<meta property=\"article:modified_time\" content=\"2026-04-29T07:28:09+00:00\" \/>\n<meta property=\"og:image\" content=\"https:\/\/www.luacrescente.pt\/blog\/wp-content\/uploads\/2026\/04\/lua-crescente-a-importancia-do-jardim-de-infancia-no-desenvolvimento-da-crianca-destaque.jpg\" \/>\n\t<meta property=\"og:image:width\" content=\"700\" \/>\n\t<meta property=\"og:image:height\" content=\"455\" \/>\n\t<meta property=\"og:image:type\" content=\"image\/jpeg\" \/>\n<meta name=\"author\" content=\"Lua Crescente\" \/>\n<meta name=\"twitter:card\" content=\"summary_large_image\" \/>\n<meta name=\"twitter:label1\" content=\"Escrito por\" \/>\n\t<meta name=\"twitter:data1\" content=\"Lua Crescente\" \/>\n\t<meta name=\"twitter:label2\" content=\"Tempo estimado de leitura\" \/>\n\t<meta name=\"twitter:data2\" content=\"11 minutos\" \/>\n<script type=\"application\/ld+json\" class=\"yoast-schema-graph\">{\"@context\":\"https:\/\/schema.org\",\"@graph\":[{\"@type\":\"Article\",\"@id\":\"https:\/\/www.luacrescente.pt\/blog\/importancia-do-jardim-de-infancia-no-desenvolvimento-da-crianca-guia-completo-para-familias\/#article\",\"isPartOf\":{\"@id\":\"https:\/\/www.luacrescente.pt\/blog\/importancia-do-jardim-de-infancia-no-desenvolvimento-da-crianca-guia-completo-para-familias\/\"},\"author\":{\"name\":\"Lua Crescente\",\"@id\":\"https:\/\/www.luacrescente.pt\/blog\/#\/schema\/person\/a559b778fe5a2a2688f347ee5869eaa5\"},\"headline\":\"Import\u00e2ncia do Jardim de Inf\u00e2ncia no desenvolvimento da crian\u00e7a: guia completo para fam\u00edlias\",\"datePublished\":\"2026-04-29T07:28:07+00:00\",\"dateModified\":\"2026-04-29T07:28:09+00:00\",\"mainEntityOfPage\":{\"@id\":\"https:\/\/www.luacrescente.pt\/blog\/importancia-do-jardim-de-infancia-no-desenvolvimento-da-crianca-guia-completo-para-familias\/\"},\"wordCount\":2146,\"publisher\":{\"@id\":\"https:\/\/www.luacrescente.pt\/blog\/#organization\"},\"image\":{\"@id\":\"https:\/\/www.luacrescente.pt\/blog\/importancia-do-jardim-de-infancia-no-desenvolvimento-da-crianca-guia-completo-para-familias\/#primaryimage\"},\"thumbnailUrl\":\"https:\/\/www.luacrescente.pt\/blog\/wp-content\/uploads\/2026\/04\/lua-crescente-a-importancia-do-jardim-de-infancia-no-desenvolvimento-da-crianca-destaque.jpg\",\"keywords\":[\"Jardim de Inf\u00e2ncia\"],\"articleSection\":[\"Jardim de Inf\u00e2ncia\"],\"inLanguage\":\"pt-PT\"},{\"@type\":\"WebPage\",\"@id\":\"https:\/\/www.luacrescente.pt\/blog\/importancia-do-jardim-de-infancia-no-desenvolvimento-da-crianca-guia-completo-para-familias\/\",\"url\":\"https:\/\/www.luacrescente.pt\/blog\/importancia-do-jardim-de-infancia-no-desenvolvimento-da-crianca-guia-completo-para-familias\/\",\"name\":\"Jardim de Inf\u00e2ncia: guia completo para as fam\u00edlias\",\"isPartOf\":{\"@id\":\"https:\/\/www.luacrescente.pt\/blog\/#website\"},\"primaryImageOfPage\":{\"@id\":\"https:\/\/www.luacrescente.pt\/blog\/importancia-do-jardim-de-infancia-no-desenvolvimento-da-crianca-guia-completo-para-familias\/#primaryimage\"},\"image\":{\"@id\":\"https:\/\/www.luacrescente.pt\/blog\/importancia-do-jardim-de-infancia-no-desenvolvimento-da-crianca-guia-completo-para-familias\/#primaryimage\"},\"thumbnailUrl\":\"https:\/\/www.luacrescente.pt\/blog\/wp-content\/uploads\/2026\/04\/lua-crescente-a-importancia-do-jardim-de-infancia-no-desenvolvimento-da-crianca-destaque.jpg\",\"datePublished\":\"2026-04-29T07:28:07+00:00\",\"dateModified\":\"2026-04-29T07:28:09+00:00\",\"description\":\"Descubra a import\u00e2ncia do Jardim de Inf\u00e2ncia no desenvolvimento cognitivo, emocional e social e como prepara para a vida e sucesso escolar.\",\"breadcrumb\":{\"@id\":\"https:\/\/www.luacrescente.pt\/blog\/importancia-do-jardim-de-infancia-no-desenvolvimento-da-crianca-guia-completo-para-familias\/#breadcrumb\"},\"inLanguage\":\"pt-PT\",\"potentialAction\":[{\"@type\":\"ReadAction\",\"target\":[\"https:\/\/www.luacrescente.pt\/blog\/importancia-do-jardim-de-infancia-no-desenvolvimento-da-crianca-guia-completo-para-familias\/\"]}]},{\"@type\":\"ImageObject\",\"inLanguage\":\"pt-PT\",\"@id\":\"https:\/\/www.luacrescente.pt\/blog\/importancia-do-jardim-de-infancia-no-desenvolvimento-da-crianca-guia-completo-para-familias\/#primaryimage\",\"url\":\"https:\/\/www.luacrescente.pt\/blog\/wp-content\/uploads\/2026\/04\/lua-crescente-a-importancia-do-jardim-de-infancia-no-desenvolvimento-da-crianca-destaque.jpg\",\"contentUrl\":\"https:\/\/www.luacrescente.pt\/blog\/wp-content\/uploads\/2026\/04\/lua-crescente-a-importancia-do-jardim-de-infancia-no-desenvolvimento-da-crianca-destaque.jpg\",\"width\":700,\"height\":455},{\"@type\":\"BreadcrumbList\",\"@id\":\"https:\/\/www.luacrescente.pt\/blog\/importancia-do-jardim-de-infancia-no-desenvolvimento-da-crianca-guia-completo-para-familias\/#breadcrumb\",\"itemListElement\":[{\"@type\":\"ListItem\",\"position\":1,\"name\":\"In\u00edcio\",\"item\":\"https:\/\/www.luacrescente.pt\/blog\/\"},{\"@type\":\"ListItem\",\"position\":2,\"name\":\"Import\u00e2ncia do Jardim de Inf\u00e2ncia no desenvolvimento da crian\u00e7a: guia completo para fam\u00edlias\"}]},{\"@type\":\"WebSite\",\"@id\":\"https:\/\/www.luacrescente.pt\/blog\/#website\",\"url\":\"https:\/\/www.luacrescente.pt\/blog\/\",\"name\":\"Blog da Lua Crescente \u2014 Educa\u00e7\u00e3o, Autonomia e Fam\u00edlia\",\"description\":\"Descubra conte\u00fados para creche, pr\u00e9-escolar e 1.\u00ba ciclo: rotinas, leitura e alimenta\u00e7\u00e3o. Mantenha-se a par das novidades da Lua Crescente.\",\"publisher\":{\"@id\":\"https:\/\/www.luacrescente.pt\/blog\/#organization\"},\"potentialAction\":[{\"@type\":\"SearchAction\",\"target\":{\"@type\":\"EntryPoint\",\"urlTemplate\":\"https:\/\/www.luacrescente.pt\/blog\/?s={search_term_string}\"},\"query-input\":{\"@type\":\"PropertyValueSpecification\",\"valueRequired\":true,\"valueName\":\"search_term_string\"}}],\"inLanguage\":\"pt-PT\"},{\"@type\":\"Organization\",\"@id\":\"https:\/\/www.luacrescente.pt\/blog\/#organization\",\"name\":\"Blog da Lua Crescente \u2014 Educa\u00e7\u00e3o, Autonomia e Fam\u00edlia\",\"url\":\"https:\/\/www.luacrescente.pt\/blog\/\",\"logo\":{\"@type\":\"ImageObject\",\"inLanguage\":\"pt-PT\",\"@id\":\"https:\/\/www.luacrescente.pt\/blog\/#\/schema\/logo\/image\/\",\"url\":\"https:\/\/www.luacrescente.pt\/blog\/wp-content\/uploads\/2020\/07\/logo-lua-crescente.png\",\"contentUrl\":\"https:\/\/www.luacrescente.pt\/blog\/wp-content\/uploads\/2020\/07\/logo-lua-crescente.png\",\"width\":260,\"height\":65,\"caption\":\"Blog da Lua Crescente \u2014 Educa\u00e7\u00e3o, Autonomia e Fam\u00edlia\"},\"image\":{\"@id\":\"https:\/\/www.luacrescente.pt\/blog\/#\/schema\/logo\/image\/\"}},{\"@type\":\"Person\",\"@id\":\"https:\/\/www.luacrescente.pt\/blog\/#\/schema\/person\/a559b778fe5a2a2688f347ee5869eaa5\",\"name\":\"Lua Crescente\",\"image\":{\"@type\":\"ImageObject\",\"inLanguage\":\"pt-PT\",\"@id\":\"https:\/\/www.luacrescente.pt\/blog\/#\/schema\/person\/image\/\",\"url\":\"https:\/\/secure.gravatar.com\/avatar\/dc27765652fc4820154e48b165585fcfca1f23677e140d7f4209c7963c980850?s=96&d=mm&r=g\",\"contentUrl\":\"https:\/\/secure.gravatar.com\/avatar\/dc27765652fc4820154e48b165585fcfca1f23677e140d7f4209c7963c980850?s=96&d=mm&r=g\",\"caption\":\"Lua Crescente\"},\"url\":\"https:\/\/www.luacrescente.pt\/blog\/author\/lua-crescente\/\"}]}<\/script>\n<!-- \/ Yoast SEO plugin. -->","yoast_head_json":{"title":"Jardim de Inf\u00e2ncia: guia completo para as fam\u00edlias","description":"Descubra a import\u00e2ncia do Jardim de Inf\u00e2ncia no desenvolvimento cognitivo, emocional e social e como prepara para a vida e sucesso escolar.","robots":{"index":"index","follow":"follow","max-snippet":"max-snippet:-1","max-image-preview":"max-image-preview:large","max-video-preview":"max-video-preview:-1"},"canonical":"https:\/\/www.luacrescente.pt\/blog\/importancia-do-jardim-de-infancia-no-desenvolvimento-da-crianca-guia-completo-para-familias\/","og_locale":"pt_PT","og_type":"article","og_title":"Jardim de Inf\u00e2ncia: guia completo para as fam\u00edlias","og_description":"Descubra a import\u00e2ncia do Jardim de Inf\u00e2ncia no desenvolvimento cognitivo, emocional e social e como prepara para a vida e sucesso escolar.","og_url":"https:\/\/www.luacrescente.pt\/blog\/importancia-do-jardim-de-infancia-no-desenvolvimento-da-crianca-guia-completo-para-familias\/","og_site_name":"Blog da Lua Crescente \u2014 Educa\u00e7\u00e3o, Autonomia e Fam\u00edlia","article_published_time":"2026-04-29T07:28:07+00:00","article_modified_time":"2026-04-29T07:28:09+00:00","og_image":[{"width":700,"height":455,"url":"https:\/\/www.luacrescente.pt\/blog\/wp-content\/uploads\/2026\/04\/lua-crescente-a-importancia-do-jardim-de-infancia-no-desenvolvimento-da-crianca-destaque.jpg","type":"image\/jpeg"}],"author":"Lua Crescente","twitter_card":"summary_large_image","twitter_misc":{"Escrito por":"Lua Crescente","Tempo estimado de leitura":"11 minutos"},"schema":{"@context":"https:\/\/schema.org","@graph":[{"@type":"Article","@id":"https:\/\/www.luacrescente.pt\/blog\/importancia-do-jardim-de-infancia-no-desenvolvimento-da-crianca-guia-completo-para-familias\/#article","isPartOf":{"@id":"https:\/\/www.luacrescente.pt\/blog\/importancia-do-jardim-de-infancia-no-desenvolvimento-da-crianca-guia-completo-para-familias\/"},"author":{"name":"Lua Crescente","@id":"https:\/\/www.luacrescente.pt\/blog\/#\/schema\/person\/a559b778fe5a2a2688f347ee5869eaa5"},"headline":"Import\u00e2ncia do Jardim de Inf\u00e2ncia no desenvolvimento da crian\u00e7a: guia completo para fam\u00edlias","datePublished":"2026-04-29T07:28:07+00:00","dateModified":"2026-04-29T07:28:09+00:00","mainEntityOfPage":{"@id":"https:\/\/www.luacrescente.pt\/blog\/importancia-do-jardim-de-infancia-no-desenvolvimento-da-crianca-guia-completo-para-familias\/"},"wordCount":2146,"publisher":{"@id":"https:\/\/www.luacrescente.pt\/blog\/#organization"},"image":{"@id":"https:\/\/www.luacrescente.pt\/blog\/importancia-do-jardim-de-infancia-no-desenvolvimento-da-crianca-guia-completo-para-familias\/#primaryimage"},"thumbnailUrl":"https:\/\/www.luacrescente.pt\/blog\/wp-content\/uploads\/2026\/04\/lua-crescente-a-importancia-do-jardim-de-infancia-no-desenvolvimento-da-crianca-destaque.jpg","keywords":["Jardim de Inf\u00e2ncia"],"articleSection":["Jardim de Inf\u00e2ncia"],"inLanguage":"pt-PT"},{"@type":"WebPage","@id":"https:\/\/www.luacrescente.pt\/blog\/importancia-do-jardim-de-infancia-no-desenvolvimento-da-crianca-guia-completo-para-familias\/","url":"https:\/\/www.luacrescente.pt\/blog\/importancia-do-jardim-de-infancia-no-desenvolvimento-da-crianca-guia-completo-para-familias\/","name":"Jardim de Inf\u00e2ncia: guia completo para as fam\u00edlias","isPartOf":{"@id":"https:\/\/www.luacrescente.pt\/blog\/#website"},"primaryImageOfPage":{"@id":"https:\/\/www.luacrescente.pt\/blog\/importancia-do-jardim-de-infancia-no-desenvolvimento-da-crianca-guia-completo-para-familias\/#primaryimage"},"image":{"@id":"https:\/\/www.luacrescente.pt\/blog\/importancia-do-jardim-de-infancia-no-desenvolvimento-da-crianca-guia-completo-para-familias\/#primaryimage"},"thumbnailUrl":"https:\/\/www.luacrescente.pt\/blog\/wp-content\/uploads\/2026\/04\/lua-crescente-a-importancia-do-jardim-de-infancia-no-desenvolvimento-da-crianca-destaque.jpg","datePublished":"2026-04-29T07:28:07+00:00","dateModified":"2026-04-29T07:28:09+00:00","description":"Descubra a import\u00e2ncia do Jardim de Inf\u00e2ncia no desenvolvimento cognitivo, emocional e social e como prepara para a vida e sucesso escolar.","breadcrumb":{"@id":"https:\/\/www.luacrescente.pt\/blog\/importancia-do-jardim-de-infancia-no-desenvolvimento-da-crianca-guia-completo-para-familias\/#breadcrumb"},"inLanguage":"pt-PT","potentialAction":[{"@type":"ReadAction","target":["https:\/\/www.luacrescente.pt\/blog\/importancia-do-jardim-de-infancia-no-desenvolvimento-da-crianca-guia-completo-para-familias\/"]}]},{"@type":"ImageObject","inLanguage":"pt-PT","@id":"https:\/\/www.luacrescente.pt\/blog\/importancia-do-jardim-de-infancia-no-desenvolvimento-da-crianca-guia-completo-para-familias\/#primaryimage","url":"https:\/\/www.luacrescente.pt\/blog\/wp-content\/uploads\/2026\/04\/lua-crescente-a-importancia-do-jardim-de-infancia-no-desenvolvimento-da-crianca-destaque.jpg","contentUrl":"https:\/\/www.luacrescente.pt\/blog\/wp-content\/uploads\/2026\/04\/lua-crescente-a-importancia-do-jardim-de-infancia-no-desenvolvimento-da-crianca-destaque.jpg","width":700,"height":455},{"@type":"BreadcrumbList","@id":"https:\/\/www.luacrescente.pt\/blog\/importancia-do-jardim-de-infancia-no-desenvolvimento-da-crianca-guia-completo-para-familias\/#breadcrumb","itemListElement":[{"@type":"ListItem","position":1,"name":"In\u00edcio","item":"https:\/\/www.luacrescente.pt\/blog\/"},{"@type":"ListItem","position":2,"name":"Import\u00e2ncia do Jardim de Inf\u00e2ncia no desenvolvimento da crian\u00e7a: guia completo para fam\u00edlias"}]},{"@type":"WebSite","@id":"https:\/\/www.luacrescente.pt\/blog\/#website","url":"https:\/\/www.luacrescente.pt\/blog\/","name":"Blog da Lua Crescente \u2014 Educa\u00e7\u00e3o, Autonomia e Fam\u00edlia","description":"Descubra conte\u00fados para creche, pr\u00e9-escolar e 1.\u00ba ciclo: rotinas, leitura e alimenta\u00e7\u00e3o. Mantenha-se a par das novidades da Lua Crescente.","publisher":{"@id":"https:\/\/www.luacrescente.pt\/blog\/#organization"},"potentialAction":[{"@type":"SearchAction","target":{"@type":"EntryPoint","urlTemplate":"https:\/\/www.luacrescente.pt\/blog\/?s={search_term_string}"},"query-input":{"@type":"PropertyValueSpecification","valueRequired":true,"valueName":"search_term_string"}}],"inLanguage":"pt-PT"},{"@type":"Organization","@id":"https:\/\/www.luacrescente.pt\/blog\/#organization","name":"Blog da Lua Crescente \u2014 Educa\u00e7\u00e3o, Autonomia e Fam\u00edlia","url":"https:\/\/www.luacrescente.pt\/blog\/","logo":{"@type":"ImageObject","inLanguage":"pt-PT","@id":"https:\/\/www.luacrescente.pt\/blog\/#\/schema\/logo\/image\/","url":"https:\/\/www.luacrescente.pt\/blog\/wp-content\/uploads\/2020\/07\/logo-lua-crescente.png","contentUrl":"https:\/\/www.luacrescente.pt\/blog\/wp-content\/uploads\/2020\/07\/logo-lua-crescente.png","width":260,"height":65,"caption":"Blog da Lua Crescente \u2014 Educa\u00e7\u00e3o, Autonomia e Fam\u00edlia"},"image":{"@id":"https:\/\/www.luacrescente.pt\/blog\/#\/schema\/logo\/image\/"}},{"@type":"Person","@id":"https:\/\/www.luacrescente.pt\/blog\/#\/schema\/person\/a559b778fe5a2a2688f347ee5869eaa5","name":"Lua Crescente","image":{"@type":"ImageObject","inLanguage":"pt-PT","@id":"https:\/\/www.luacrescente.pt\/blog\/#\/schema\/person\/image\/","url":"https:\/\/secure.gravatar.com\/avatar\/dc27765652fc4820154e48b165585fcfca1f23677e140d7f4209c7963c980850?s=96&d=mm&r=g","contentUrl":"https:\/\/secure.gravatar.com\/avatar\/dc27765652fc4820154e48b165585fcfca1f23677e140d7f4209c7963c980850?s=96&d=mm&r=g","caption":"Lua Crescente"},"url":"https:\/\/www.luacrescente.pt\/blog\/author\/lua-crescente\/"}]}},"_links":{"self":[{"href":"https:\/\/www.luacrescente.pt\/blog\/wp-json\/wp\/v2\/posts\/1856","targetHints":{"allow":["GET"]}}],"collection":[{"href":"https:\/\/www.luacrescente.pt\/blog\/wp-json\/wp\/v2\/posts"}],"about":[{"href":"https:\/\/www.luacrescente.pt\/blog\/wp-json\/wp\/v2\/types\/post"}],"author":[{"embeddable":true,"href":"https:\/\/www.luacrescente.pt\/blog\/wp-json\/wp\/v2\/users\/10"}],"replies":[{"embeddable":true,"href":"https:\/\/www.luacrescente.pt\/blog\/wp-json\/wp\/v2\/comments?post=1856"}],"version-history":[{"count":1,"href":"https:\/\/www.luacrescente.pt\/blog\/wp-json\/wp\/v2\/posts\/1856\/revisions"}],"predecessor-version":[{"id":1867,"href":"https:\/\/www.luacrescente.pt\/blog\/wp-json\/wp\/v2\/posts\/1856\/revisions\/1867"}],"wp:featuredmedia":[{"embeddable":true,"href":"https:\/\/www.luacrescente.pt\/blog\/wp-json\/wp\/v2\/media\/1865"}],"wp:attachment":[{"href":"https:\/\/www.luacrescente.pt\/blog\/wp-json\/wp\/v2\/media?parent=1856"}],"wp:term":[{"taxonomy":"category","embeddable":true,"href":"https:\/\/www.luacrescente.pt\/blog\/wp-json\/wp\/v2\/categories?post=1856"},{"taxonomy":"post_tag","embeddable":true,"href":"https:\/\/www.luacrescente.pt\/blog\/wp-json\/wp\/v2\/tags?post=1856"}],"curies":[{"name":"wp","href":"https:\/\/api.w.org\/{rel}","templated":true}]}}